{"id":16319,"date":"2024-06-13T16:59:52","date_gmt":"2024-06-13T19:59:52","guid":{"rendered":"https:\/\/blogs.correiobraziliense.com.br\/capital-sa\/?p=16319"},"modified":"2024-06-14T21:11:15","modified_gmt":"2024-06-15T00:11:15","slug":"g20-no-brasil-vai-ampliar-exportacoes-brasileira","status":"publish","type":"post","link":"https:\/\/blogs.correiobraziliense.com.br\/capital-sa\/2024\/06\/13\/g20-no-brasil-vai-ampliar-exportacoes-brasileira\/","title":{"rendered":"G20 no Brasil vai ampliar exporta\u00e7\u00f5es  brasileiras"},"content":{"rendered":"<p class=\"s5\"><strong>Por Samanta Sallum\u00a0<\/strong><\/p>\n<p class=\"s10\"><span class=\"s7\"><span class=\"bumpedFont20\">Foram mapeadas<\/span><\/span><span class=\"s7\"><span class=\"bumpedFont20\">\u00a0cerca\u00a0<\/span><\/span><span class=\"s7\"><span class=\"bumpedFont20\">de 9,4 mil oportunidades para exportadores brasileiros nos pa\u00edses que formam o G20, grupo de 19 pa\u00edses mais a Uni\u00e3o Europeia e Uni\u00e3o Africana. O mapeamento \u00e9 da ApexBrasil, que apoia quase 50 projetos setoriais com foco no bloco que representa 85% do PIB (somat\u00f3rio das riquezas) global. Os dados ser\u00e3o apresentados no <\/span><\/span><span class=\"s8\"><span class=\"bumpedFont20\">EnComex<\/span><\/span><span class=\"s8\"><span class=\"bumpedFont20\"> RJ 2024 da C\u00e2mara de Com\u00e9rcio, Ind\u00fastria e Servi\u00e7os do Brasil (<\/span><\/span><span class=\"s9\"><span class=\"bumpedFont20\">Cisbra<\/span><\/span><span class=\"s9\"><span class=\"bumpedFont20\">) na sexta-feira (14).<\/span><\/span><\/p>\n<p class=\"s10\"><span class=\"s7\"><span class=\"bumpedFont20\">&#8220;O G20 Brasil \u00e9 uma grande oportunidade de exercermos protagonismo, trazendo para as discuss\u00f5es temas que nos s\u00e3o caros, como a diversidade e o combate \u00e0 fome, \u00e0 pobreza e \u00e0 desigualdade\u201d, atesta Ulisses Pimenta<\/span><\/span><span class=\"s7\"><span class=\"bumpedFont20\">, c<\/span><\/span><span class=\"s11\"><span class=\"bumpedFont20\">oordenador de An\u00e1lise de Mercado da ApexBrasil que ressalta ainda a import\u00e2ncia <\/span><\/span><span class=\"s11\"><span class=\"bumpedFont20\">do<\/span><\/span><span class=\"s11\"><span class=\"bumpedFont20\"> Brasil refor\u00e7ar sua matriz energ\u00e9tica limpa, aspecto relevante para a atra\u00e7\u00e3o de investimentos.<\/span><\/span><\/p>\n<p class=\"s10\"><span class=\"s7\"><span class=\"bumpedFont20\">Segundo o diretor de Gest\u00e3o Corporativa da ApexBrasil Floriano Pesaro (foto), que abre o <\/span><\/span><span class=\"s7\"><span class=\"bumpedFont20\">EnComex<\/span><\/span><span class=\"s7\"><span class=\"bumpedFont20\">, o evento \u00e9 uma iniciativa fundamental para o avan\u00e7o das rela\u00e7\u00f5es comerciais do Brasil. &#8220;Acredito que, se todas as entidades presentes neste evento trabalharem em conjunto, as exporta\u00e7\u00f5es do Brasil t\u00eam tudo para crescer, e as rela\u00e7\u00f5es comerciais com nossos parceiros internacionais tendem a tornar-se cada vez mais fortes&#8221;, concluiu. <\/span><\/span><\/p>\n<p class=\"s10\"><span class=\"s7\"><span class=\"bumpedFont20\">O <\/span><\/span><span class=\"s7\"><span class=\"bumpedFont20\">EnComex<\/span><\/span><span class=\"s7\"><span class=\"bumpedFont20\"> 2024 ser\u00e1 transmitido pelo <\/span><\/span><a href=\"https:\/\/www.youtube.com\/@sistemacisbra\/featured\"><span class=\"s12\"><span class=\"bumpedFont20\">YouTube.<\/span><\/span><\/a><\/p>\n<p class=\"s10\">\n","protected":false},"excerpt":{"rendered":"<p>Por Samanta Sallum\u00a0 Foram mapeadas\u00a0cerca\u00a0de 9,4 mil oportunidades para exportadores brasileiros nos pa\u00edses que formam o G20, grupo de 19 pa\u00edses mais a Uni\u00e3o Europeia e Uni\u00e3o Africana. O mapeamento \u00e9 da ApexBrasil, que apoia quase 50 projetos setoriais com foco no bloco que representa 85% do PIB (somat\u00f3rio das riquezas) global. Os dados ser\u00e3o apresentados no EnComex RJ 2024 [&hellip;]<\/p>\n","protected":false},"author":125,"featured_media":16323,"comment_status":"open","ping_status":"open","sticky":false,"template":"","format":"standard","meta":{"footnotes":""},"categories":[6],"tags":[2258,2257,2255,276,2256,1214,2254,517],"class_list":["post-16319","post","type-post","status-publish","format-standard","has-post-thumbnail","hentry","category-coluna-capital-s-a","tag-apexbrasil","tag-cisbra","tag-comercioexterior","tag-economia","tag-encomex","tag-exportacoes","tag-g20","tag-negocios"],"_links":{"self":[{"href":"https:\/\/blogs.correiobraziliense.com.br\/capital-sa\/wp-json\/wp\/v2\/posts\/16319","targetHints":{"allow":["GET"]}}],"collection":[{"href":"https:\/\/blogs.correiobraziliense.com.br\/capital-sa\/wp-json\/wp\/v2\/posts"}],"about":[{"href":"https:\/\/blogs.correiobraziliense.com.br\/capital-sa\/wp-json\/wp\/v2\/types\/post"}],"author":[{"embeddable":true,"href":"https:\/\/blogs.correiobraziliense.com.br\/capital-sa\/wp-json\/wp\/v2\/users\/125"}],"replies":[{"embeddable":true,"href":"https:\/\/blogs.correiobraziliense.com.br\/capital-sa\/wp-json\/wp\/v2\/comments?post=16319"}],"version-history":[{"count":8,"href":"https:\/\/blogs.correiobraziliense.com.br\/capital-sa\/wp-json\/wp\/v2\/posts\/16319\/revisions"}],"predecessor-version":[{"id":16340,"href":"https:\/\/blogs.correiobraziliense.com.br\/capital-sa\/wp-json\/wp\/v2\/posts\/16319\/revisions\/16340"}],"wp:featuredmedia":[{"embeddable":true,"href":"https:\/\/blogs.correiobraziliense.com.br\/capital-sa\/wp-json\/wp\/v2\/media\/16323"}],"wp:attachment":[{"href":"https:\/\/blogs.correiobraziliense.com.br\/capital-sa\/wp-json\/wp\/v2\/media?parent=16319"}],"wp:term":[{"taxonomy":"category","embeddable":true,"href":"https:\/\/blogs.correiobraziliense.com.br\/capital-sa\/wp-json\/wp\/v2\/categories?post=16319"},{"taxonomy":"post_tag","embeddable":true,"href":"https:\/\/blogs.correiobraziliense.com.br\/capital-sa\/wp-json\/wp\/v2\/tags?post=16319"}],"curies":[{"name":"wp","href":"https:\/\/api.w.org\/{rel}","templated":true}]}}