{"id":16314,"date":"2024-06-13T12:29:52","date_gmt":"2024-06-13T15:29:52","guid":{"rendered":"https:\/\/blogs.correiobraziliense.com.br\/capital-sa\/?p=16314"},"modified":"2024-06-14T21:06:24","modified_gmt":"2024-06-15T00:06:24","slug":"novo-embaixador-da-argentina-quer-impulsionar-negocios-bilaterais","status":"publish","type":"post","link":"https:\/\/blogs.correiobraziliense.com.br\/capital-sa\/2024\/06\/13\/novo-embaixador-da-argentina-quer-impulsionar-negocios-bilaterais\/","title":{"rendered":"Novo embaixador da Argentina quer impulsionar neg\u00f3cios bilaterais"},"content":{"rendered":"<p class=\"p1\"><strong>Por Samanta Sallum\u00a0<\/strong><\/p>\n<p class=\"p1\"><span class=\"s1\">Junto com o presidente do Sistema Fecom\u00e9rcio-DF, Jos\u00e9 Aparecido Freire, o novo embaixador da Argentina no Brasil, Guillermo Daniel Raimondi, participou de seu primeiro encontro com representantes do setor produtivo do Distrito Federal. Uma rodada de neg\u00f3cios com foco em alimentos e bebidas realizada na embaixada, com apoio da Federa\u00e7\u00e3o do Com\u00e9rcio da capital, reuniu fornecedores argentinos e cerca de 50 empresas brasilienses interessadas em importar produtos portenhos. O encontro contou com a participa\u00e7\u00e3o do ministro chefe da Chancelaria argentina, Pablo de Angelis, do chefe do Departamento Econ\u00f4mico e Comercial da Embaixada, Patr\u00edcio Violini, e do presidente do Sindisuper-DF, Jair Prediger.<\/span><\/p>\n<p class=\"p1\"><span class=\"s1\">\u201cAs rela\u00e7\u00f5es do Brasil com a Argentina s\u00e3o centrais. O Brasil \u00e9 nosso parceiro especial e privilegiado\u201d, ressaltou. Raimondi elogiou o esfor\u00e7o conjunto entre o setor privado e o setor p\u00fablico para gerar oportunidades de neg\u00f3cios e encontros que resultem em benef\u00edcios para ambos os pa\u00edses. \u201cA quantidade de reuni\u00f5es e de contatos que se t\u00eam gerado \u00e9 realmente not\u00e1vel\u201d, disse, referindo-se ao balan\u00e7o do evento com empres\u00e1rios de Bras\u00edlia.<\/span><\/p>\n<p class=\"p1\"><span class=\"s1\">Aparecido deu as boas-vindas ao novo embaixador e reafirmou que a Argentina \u00e9 a principal parceira do Brasil no Mercosul. Lembrou da reativa\u00e7\u00e3o de forma conjunta, em 2022, da C\u00e2mara de Com\u00e9rcio Argentino-Brasileira do Distrito Federal.<\/span><\/p>\n<p class=\"p1\"><span class=\"s1\">\u201cDesde ent\u00e3o, foram realizadas tr\u00eas rodadas de neg\u00f3cios e uma miss\u00e3o para a capital portenha com empres\u00e1rios brasilienses, sempre com muito di\u00e1logo e parceria entre os dois lados\u201d, frisou.<\/span><\/p>\n","protected":false},"excerpt":{"rendered":"<p>Por Samanta Sallum\u00a0 Junto com o presidente do Sistema Fecom\u00e9rcio-DF, Jos\u00e9 Aparecido Freire, o novo embaixador da Argentina no Brasil, Guillermo Daniel Raimondi, participou de seu primeiro encontro com representantes do setor produtivo do Distrito Federal. Uma rodada de neg\u00f3cios com foco em alimentos e bebidas realizada na embaixada, com apoio da Federa\u00e7\u00e3o do Com\u00e9rcio da capital, reuniu fornecedores argentinos [&hellip;]<\/p>\n","protected":false},"author":125,"featured_media":16318,"comment_status":"open","ping_status":"open","sticky":false,"template":"","format":"standard","meta":{"footnotes":""},"categories":[6],"tags":[799,2159,276,1652,756,10],"class_list":["post-16314","post","type-post","status-publish","format-standard","has-post-thumbnail","hentry","category-coluna-capital-s-a","tag-argentina","tag-dialogo","tag-economia","tag-mercosul","tag-parceria","tag-comercio"],"_links":{"self":[{"href":"https:\/\/blogs.correiobraziliense.com.br\/capital-sa\/wp-json\/wp\/v2\/posts\/16314","targetHints":{"allow":["GET"]}}],"collection":[{"href":"https:\/\/blogs.correiobraziliense.com.br\/capital-sa\/wp-json\/wp\/v2\/posts"}],"about":[{"href":"https:\/\/blogs.correiobraziliense.com.br\/capital-sa\/wp-json\/wp\/v2\/types\/post"}],"author":[{"embeddable":true,"href":"https:\/\/blogs.correiobraziliense.com.br\/capital-sa\/wp-json\/wp\/v2\/users\/125"}],"replies":[{"embeddable":true,"href":"https:\/\/blogs.correiobraziliense.com.br\/capital-sa\/wp-json\/wp\/v2\/comments?post=16314"}],"version-history":[{"count":5,"href":"https:\/\/blogs.correiobraziliense.com.br\/capital-sa\/wp-json\/wp\/v2\/posts\/16314\/revisions"}],"predecessor-version":[{"id":16339,"href":"https:\/\/blogs.correiobraziliense.com.br\/capital-sa\/wp-json\/wp\/v2\/posts\/16314\/revisions\/16339"}],"wp:featuredmedia":[{"embeddable":true,"href":"https:\/\/blogs.correiobraziliense.com.br\/capital-sa\/wp-json\/wp\/v2\/media\/16318"}],"wp:attachment":[{"href":"https:\/\/blogs.correiobraziliense.com.br\/capital-sa\/wp-json\/wp\/v2\/media?parent=16314"}],"wp:term":[{"taxonomy":"category","embeddable":true,"href":"https:\/\/blogs.correiobraziliense.com.br\/capital-sa\/wp-json\/wp\/v2\/categories?post=16314"},{"taxonomy":"post_tag","embeddable":true,"href":"https:\/\/blogs.correiobraziliense.com.br\/capital-sa\/wp-json\/wp\/v2\/tags?post=16314"}],"curies":[{"name":"wp","href":"https:\/\/api.w.org\/{rel}","templated":true}]}}