{"id":1629,"date":"2021-02-01T12:04:59","date_gmt":"2021-02-01T15:04:59","guid":{"rendered":"https:\/\/blogs.correiobraziliense.com.br\/capital-sa\/?p=1629"},"modified":"2021-02-01T13:33:15","modified_gmt":"2021-02-01T16:33:15","slug":"cdl-talentos-vai-recrutar-profissionais","status":"publish","type":"post","link":"https:\/\/blogs.correiobraziliense.com.br\/capital-sa\/2021\/02\/01\/cdl-talentos-vai-recrutar-profissionais\/","title":{"rendered":"CDL Talentos vai recrutar profissionais"},"content":{"rendered":"<div><\/div>\n<div><\/div>\n<div>A C\u00e2mara de Dirigentes Lojistas do DF vai oferecer mais um servi\u00e7o: o CDL Talentos. Um banco de profissionais cadastrados para ajudar as empresas a formar equipes. \u201cBuscaremos o perfil de funcion\u00e1rio que precisam. Vamos realizar um recrutamento profissional e eficiente\u201c, adianta o presidente da CDL, Wagner Silveira.<\/div>\n<div><\/div>\n<div><\/div>\n<div><b><u>Est\u00e1gios<\/u><\/b><\/div>\n<div><\/div>\n<div><\/div>\n<div><\/div>\n<div>A entidade tamb\u00e9m vai selecionar estagi\u00e1rios, a partir de 16 anos, para empresas com o programa CDL Est\u00e1gios. Segundo Wagner, muitas fun\u00e7\u00f5es podem ser preenchidas por estagi\u00e1rios, como a de estoquista e recepcionista. \u201c\u00c9 tamb\u00e9m uma boa oportunidade de treinar jovens, que poder\u00e3o ser, no futuro, os talentos da empresa\u201d, refor\u00e7a Wagner.<\/div>\n<div><\/div>\n<div><\/div>\n<div><img loading=\"lazy\" decoding=\"async\" class=\"aligncenter size-medium wp-image-1635\" src=\"https:\/\/blogs.correiobraziliense.com.br\/capital-sa\/wp-content\/uploads\/sites\/59\/2021\/02\/5E9657CF-FE37-43E0-BB90-17EB869A61D6-300x225.jpeg\" alt=\"\" width=\"300\" height=\"225\" srcset=\"https:\/\/blogs.correiobraziliense.com.br\/capital-sa\/wp-content\/uploads\/sites\/59\/2021\/02\/5E9657CF-FE37-43E0-BB90-17EB869A61D6-300x225.jpeg 300w, https:\/\/blogs.correiobraziliense.com.br\/capital-sa\/wp-content\/uploads\/sites\/59\/2021\/02\/5E9657CF-FE37-43E0-BB90-17EB869A61D6-768x576.jpeg 768w, https:\/\/blogs.correiobraziliense.com.br\/capital-sa\/wp-content\/uploads\/sites\/59\/2021\/02\/5E9657CF-FE37-43E0-BB90-17EB869A61D6-1024x768.jpeg 1024w, https:\/\/blogs.correiobraziliense.com.br\/capital-sa\/wp-content\/uploads\/sites\/59\/2021\/02\/5E9657CF-FE37-43E0-BB90-17EB869A61D6-1440x1080.jpeg 1440w, https:\/\/blogs.correiobraziliense.com.br\/capital-sa\/wp-content\/uploads\/sites\/59\/2021\/02\/5E9657CF-FE37-43E0-BB90-17EB869A61D6-800x600.jpeg 800w, https:\/\/blogs.correiobraziliense.com.br\/capital-sa\/wp-content\/uploads\/sites\/59\/2021\/02\/5E9657CF-FE37-43E0-BB90-17EB869A61D6-550x413.jpeg 550w, https:\/\/blogs.correiobraziliense.com.br\/capital-sa\/wp-content\/uploads\/sites\/59\/2021\/02\/5E9657CF-FE37-43E0-BB90-17EB869A61D6-230x173.jpeg 230w\" sizes=\"auto, (max-width: 300px) 100vw, 300px\" \/><\/div>\n<div><\/div>\n<div><b><br \/>\nAten\u00e7\u00e3o aos lojistas <\/b><\/div>\n<div><b>\u00a0<\/b><\/div>\n<div>Os associados \u00e0 CDL podem contar atualmente com os seguintes servi\u00e7os:<\/div>\n<div><\/div>\n<div>\n<div class=\"s8\"><b><span class=\"s6\">\u2022 <\/span><span class=\"s7\">Certificado digital<\/span><\/b><\/div>\n<p class=\"s9\">O certificado digital \u00e9 um documento eletr\u00f4nico que funciona como a identidade de uma pessoa jur\u00eddica ou f\u00edsica. O certificado digital tem o objetivo de trazer mais agilidade ao dia a dia. Com ele, tornou-se poss\u00edvel resolver on-line muitas tarefas que antes s\u00f3 podiam ser feitas presencialmente.<\/p>\n<div class=\"s10\"><b><span class=\"s6\">\u2022 <\/span><span class=\"s7\">CDL Conciliador<\/span><\/b><\/div>\n<p class=\"s9\">CDL Conciliador \u00e9 um software de concilia\u00e7\u00e3o voltado para a confer\u00eancia autom\u00e1tica de transa\u00e7\u00f5es comerciais realizadas por cart\u00e3o de cr\u00e9dito, d\u00e9bito e t\u00edquete. O CDL Conciliador traz agilidade e seguran\u00e7a ap\u00f3s o processo de venda.<\/p>\n<div class=\"s10\"><span class=\"s6\">\u2022 <\/span><strong><span class=\"s7\">CDL Cart\u00f3rios<\/span><\/strong><\/div>\n<p class=\"s9\">Facilidade para servi\u00e7os burocr\u00e1ticos. Com a Pesquisa de Bens por CPF\/CNPJ, \u00e9 poss\u00edvel buscar ou obter o n\u00famero de matr\u00edcula para detectar im\u00f3veis e outros direitos reais registrados, em uma base de dados compartilhada pelos Cart\u00f3rios de Registro de Im\u00f3veis do Distrito Federal.<\/p>\n<div class=\"s10\"><span class=\"s6\">\u2022 <\/span><strong><span class=\"s7\">SPC Avisa<\/span><\/strong><\/div>\n<p class=\"s11\">O SPC Avisa foi criado para evitar que o CPF\/CNPJ seja alvo de fraudadores. O empres\u00e1rio\u00a0ser\u00e1 informado via SMS ou e-mail sobre qualquer movimenta\u00e7\u00e3o ou consulta envolvendo seu CPF\/CNPJ. Voc\u00ea pode ver as consultas ao seu CPF feitas nos \u00faltimos dias, recebendo alertas di\u00e1rios.<\/p>\n<div class=\"s13\"><span class=\"s6\">\u2022 <\/span><strong><span class=\"s7\">Cadastro Positivo<\/span><\/strong><\/div>\n<p class=\"s11\">O Cadastro Positivo \u00e9 um banco de dados com informa\u00e7\u00f5es de consumidores que t\u00eam hist\u00f3rico favor\u00e1vel de pagamento podendo facilitar a obten\u00e7\u00e3o de cr\u00e9dito e taxas de juros mais baixas, de acordo com seu hist\u00f3rico de compras e pagamentos.<\/p>\n<div class=\"s13\"><span class=\"s6\">\u2022 <\/span><strong><span class=\"s7\">CDL Cobran\u00e7a<\/span><\/strong><\/div>\n<p class=\"s11\">Recupera\u00e7\u00e3o \u00a0de cr\u00e9dito.<\/p>\n<p class=\"s12\"><strong>Diferenciais:<\/strong><\/p>\n<div class=\"s15\">Marca SPC Brasil<\/div>\n<div class=\"s15\">Alto \u00edndice de recupera\u00e7\u00e3o de cr\u00e9dito do mercado<\/div>\n<div class=\"s15\">Equipe especializada<\/div>\n<div><\/div>\n<div class=\"s13\">\n<p><span class=\"s6\">\u2022 <\/span><span class=\"s7\"><strong>Protesta F\u00e1cil<\/strong> <\/span><\/p>\n<p>\u00c9 uma plataforma desenvolvida pela CDL\/DF que possibilita o associado enviar t\u00edtulos a protesto, garantindo maior recupera\u00e7\u00e3o de seus cr\u00e9ditos.<\/p>\n<\/div>\n<div class=\"s13\"><span class=\"s6\">\u2022 <\/span><strong><span class=\"s7\">Consulta ao SPC<\/span><\/strong><\/div>\n<p class=\"s17\"><span class=\"s16\"><span class=\"bumpedFont15\">Um servi\u00e7o \u00a0que<\/span><\/span> <span class=\"s16\"><span class=\"bumpedFont15\">conta com um banco de dados nacional, acessado por<\/span><\/span> <span class=\"s16\"><span class=\"bumpedFont15\">lojistas em todo o pa\u00eds, oferecendo informa\u00e7\u00f5es que garantem aos lojistas consultarem<\/span><\/span> <span class=\"s16\"><span class=\"bumpedFont15\">o SPC pela internet 24 hora<\/span><\/span><span class=\"s16\"><span class=\"bumpedFont15\">s <\/span><\/span><span class=\"s16\"><span class=\"bumpedFont15\">por dia.<\/span><\/span><\/p>\n<div class=\"s13\"><span class=\"s6\">\u2022 <\/span><strong><span class=\"s7\">Registro de inadimplentes<\/span><\/strong><\/div>\n<p class=\"s11\">Lojistas associados ganham tempo, a CDL\/DF agiliza seus procedimentos de inclus\u00e3o e exclus\u00e3o de nomes de consumidores inadimplentes. O servi\u00e7o de registros \u00e9 disponibilizado pela internet por meio do seu pr\u00f3prio login.<\/p>\n<div class=\"s18\"><span class=\"s6\">\u2022 <strong>Audit\u00f3rio<\/strong><\/span><\/div>\n<div><\/div>\n<div class=\"s18\">Espa\u00e7o para realiza\u00e7\u00f5es de reuni\u00f5es, cursos e treinamentos. O audit\u00f3rio, que tem capacidade para 170 participantes, \u00e9 equipado com cadeiras com apoio e sem apoio, datashow com projetor, caixa de som amplificada, microfone, wi-fi liberado e hall para coffee break.<\/div>\n<p class=\"s11\">\n<\/div>\n","protected":false},"excerpt":{"rendered":"<p>A C\u00e2mara de Dirigentes Lojistas do DF vai oferecer mais um servi\u00e7o: o CDL Talentos. Um banco de profissionais cadastrados para ajudar as empresas a formar equipes. \u201cBuscaremos o perfil de funcion\u00e1rio que precisam. Vamos realizar um recrutamento profissional e eficiente\u201c, adianta o presidente da CDL, Wagner Silveira. Est\u00e1gios A entidade tamb\u00e9m vai selecionar estagi\u00e1rios, a partir de 16 anos, [&hellip;]<\/p>\n","protected":false},"author":125,"featured_media":1633,"comment_status":"open","ping_status":"open","sticky":false,"template":"","format":"standard","meta":{"footnotes":""},"categories":[6],"tags":[],"class_list":["post-1629","post","type-post","status-publish","format-standard","has-post-thumbnail","hentry","category-coluna-capital-s-a"],"_links":{"self":[{"href":"https:\/\/blogs.correiobraziliense.com.br\/capital-sa\/wp-json\/wp\/v2\/posts\/1629","targetHints":{"allow":["GET"]}}],"collection":[{"href":"https:\/\/blogs.correiobraziliense.com.br\/capital-sa\/wp-json\/wp\/v2\/posts"}],"about":[{"href":"https:\/\/blogs.correiobraziliense.com.br\/capital-sa\/wp-json\/wp\/v2\/types\/post"}],"author":[{"embeddable":true,"href":"https:\/\/blogs.correiobraziliense.com.br\/capital-sa\/wp-json\/wp\/v2\/users\/125"}],"replies":[{"embeddable":true,"href":"https:\/\/blogs.correiobraziliense.com.br\/capital-sa\/wp-json\/wp\/v2\/comments?post=1629"}],"version-history":[{"count":9,"href":"https:\/\/blogs.correiobraziliense.com.br\/capital-sa\/wp-json\/wp\/v2\/posts\/1629\/revisions"}],"predecessor-version":[{"id":1640,"href":"https:\/\/blogs.correiobraziliense.com.br\/capital-sa\/wp-json\/wp\/v2\/posts\/1629\/revisions\/1640"}],"wp:featuredmedia":[{"embeddable":true,"href":"https:\/\/blogs.correiobraziliense.com.br\/capital-sa\/wp-json\/wp\/v2\/media\/1633"}],"wp:attachment":[{"href":"https:\/\/blogs.correiobraziliense.com.br\/capital-sa\/wp-json\/wp\/v2\/media?parent=1629"}],"wp:term":[{"taxonomy":"category","embeddable":true,"href":"https:\/\/blogs.correiobraziliense.com.br\/capital-sa\/wp-json\/wp\/v2\/categories?post=1629"},{"taxonomy":"post_tag","embeddable":true,"href":"https:\/\/blogs.correiobraziliense.com.br\/capital-sa\/wp-json\/wp\/v2\/tags?post=1629"}],"curies":[{"name":"wp","href":"https:\/\/api.w.org\/{rel}","templated":true}]}}