{"id":16258,"date":"2024-06-06T11:22:24","date_gmt":"2024-06-06T14:22:24","guid":{"rendered":"https:\/\/blogs.correiobraziliense.com.br\/capital-sa\/?p=16258"},"modified":"2024-06-06T16:57:42","modified_gmt":"2024-06-06T19:57:42","slug":"industria-textil-nacional-celebra-taxacao-das-blusinhas-importadas","status":"publish","type":"post","link":"https:\/\/blogs.correiobraziliense.com.br\/capital-sa\/2024\/06\/06\/industria-textil-nacional-celebra-taxacao-das-blusinhas-importadas\/","title":{"rendered":"Ind\u00fastria t\u00eaxtil nacional celebra \u201ctaxa\u00e7\u00e3o das blusinhas\u201d importadas"},"content":{"rendered":"<p><strong>Por Samanta Sallum\u00a0<\/strong><\/p>\n<p class=\"p1\"><span class=\"s1\">As entidades que representam o com\u00e9rcio e a ind\u00fastria no pa\u00eds acompanharam ontem, em peso, no Senado, a aprova\u00e7\u00e3o da al\u00edquota de 20% de imposto de importa\u00e7\u00e3o para produtos de at\u00e9 50 d\u00f3lares comprados em plataformas internacionais. A isen\u00e7\u00e3o a esses itens tinha sido concedida em agosto do ano passado pelo Minist\u00e9rio da Fazenda. A iniciativa de cobrar tributo sobre essa importa\u00e7\u00e3o ficou conhecida como &#8220;taxa\u00e7\u00e3o das blusinhas&#8221;, tendo em vista que as compras mais afetadas seriam as feitas na Shopee, AliExpress e Shein.<br \/>\n<\/span><\/p>\n<p class=\"p1\"><span class=\"s1\">Por serem grandes marketplaces, muitas pessoas acabam buscando essas op\u00e7\u00f5es para comprar roupas, &#8211; ou &#8216;blusinhas&#8217; &#8211; pagando um pre\u00e7o mais barato. Por isso, o segmento da ind\u00fastria t\u00eaxtil brasileira foi um dos que mais esbravejou contra a isen\u00e7\u00e3o.<\/span><\/p>\n<p class=\"p1\"><span class=\"s1\"> \u201cManter isso seria uma grave amea\u00e7a \u00e0 economia brasileira. Causaria danos pela concorr\u00eancia desleal provocada pela desigualdade tribut\u00e1ria, que j\u00e1 eliminou dezenas de milhares de empregos apenas na ind\u00fastria e no varejo t\u00eaxteis e de confec\u00e7\u00e3o, a imensa maioria em micro, pequenas e m\u00e9dias empresas\u201d, argumentaram os sindicatos da ind\u00fastria do vestu\u00e1rio do pa\u00eds e a associa\u00e7\u00e3o brasileira do varejo t\u00eaxtil.<\/span><\/p>\n<p class=\"p1\"><strong><span class=\"s1\">CNC defende produ\u00e7\u00e3o brasileira\u00a0<\/span><\/strong><\/p>\n<p class=\"p1\"><span class=\"s1\">A Confedera\u00e7\u00e3o Nacional do Com\u00e9rcio de Bens, Servi\u00e7os e Turismo (CNC), em nome do varejo nacional, apoiou<span class=\"Apple-converted-space\">\u00a0<\/span>a manuten\u00e7\u00e3o do texto que tratou do fim da isen\u00e7\u00e3o do imposto de importa\u00e7\u00e3o para produtos de at\u00e9 US$ 50. Estudos da Confedera\u00e7\u00e3o indicam que a n\u00e3o taxa\u00e7\u00e3o ocasionava uma queda de at\u00e9 57% no volume de vendas do varejo, considerando efeitos diretos, indiretos e induzidos.<\/span><\/p>\n<p class=\"p1\"><span class=\"s1\"> \u201cA CNC reitera a import\u00e2ncia da aplica\u00e7\u00e3o da al\u00edquota de 20% como forma de minimizar os danos \u00e0 economia brasileira e proteger os empregos e a renda gerada pelo setor de com\u00e9rcio. A medida garante a justa competitividade entre produtos nacionais e importados, promovendo um ambiente mais equilibrado para o desenvolvimento do varejo brasileiro.\u201d<\/span><\/p>\n","protected":false},"excerpt":{"rendered":"<p>Por Samanta Sallum\u00a0 As entidades que representam o com\u00e9rcio e a ind\u00fastria no pa\u00eds acompanharam ontem, em peso, no Senado, a aprova\u00e7\u00e3o da al\u00edquota de 20% de imposto de importa\u00e7\u00e3o para produtos de at\u00e9 50 d\u00f3lares comprados em plataformas internacionais. A isen\u00e7\u00e3o a esses itens tinha sido concedida em agosto do ano passado pelo Minist\u00e9rio da Fazenda. A iniciativa de [&hellip;]<\/p>\n","protected":false},"author":125,"featured_media":16261,"comment_status":"open","ping_status":"open","sticky":false,"template":"","format":"standard","meta":{"footnotes":""},"categories":[6],"tags":[275,336,276,2247,1325],"class_list":["post-16258","post","type-post","status-publish","format-standard","has-post-thumbnail","hentry","category-coluna-capital-s-a","tag-cnc","tag-consumo","tag-economia","tag-taxacao","tag-tributacao"],"_links":{"self":[{"href":"https:\/\/blogs.correiobraziliense.com.br\/capital-sa\/wp-json\/wp\/v2\/posts\/16258","targetHints":{"allow":["GET"]}}],"collection":[{"href":"https:\/\/blogs.correiobraziliense.com.br\/capital-sa\/wp-json\/wp\/v2\/posts"}],"about":[{"href":"https:\/\/blogs.correiobraziliense.com.br\/capital-sa\/wp-json\/wp\/v2\/types\/post"}],"author":[{"embeddable":true,"href":"https:\/\/blogs.correiobraziliense.com.br\/capital-sa\/wp-json\/wp\/v2\/users\/125"}],"replies":[{"embeddable":true,"href":"https:\/\/blogs.correiobraziliense.com.br\/capital-sa\/wp-json\/wp\/v2\/comments?post=16258"}],"version-history":[{"count":4,"href":"https:\/\/blogs.correiobraziliense.com.br\/capital-sa\/wp-json\/wp\/v2\/posts\/16258\/revisions"}],"predecessor-version":[{"id":16263,"href":"https:\/\/blogs.correiobraziliense.com.br\/capital-sa\/wp-json\/wp\/v2\/posts\/16258\/revisions\/16263"}],"wp:featuredmedia":[{"embeddable":true,"href":"https:\/\/blogs.correiobraziliense.com.br\/capital-sa\/wp-json\/wp\/v2\/media\/16261"}],"wp:attachment":[{"href":"https:\/\/blogs.correiobraziliense.com.br\/capital-sa\/wp-json\/wp\/v2\/media?parent=16258"}],"wp:term":[{"taxonomy":"category","embeddable":true,"href":"https:\/\/blogs.correiobraziliense.com.br\/capital-sa\/wp-json\/wp\/v2\/categories?post=16258"},{"taxonomy":"post_tag","embeddable":true,"href":"https:\/\/blogs.correiobraziliense.com.br\/capital-sa\/wp-json\/wp\/v2\/tags?post=16258"}],"curies":[{"name":"wp","href":"https:\/\/api.w.org\/{rel}","templated":true}]}}