{"id":16249,"date":"2024-06-05T16:31:19","date_gmt":"2024-06-05T19:31:19","guid":{"rendered":"https:\/\/blogs.correiobraziliense.com.br\/capital-sa\/?p=16249"},"modified":"2024-06-05T21:18:46","modified_gmt":"2024-06-06T00:18:46","slug":"26a-edicao-do-projeto-palco-giratorio-estreia-com-paulo-betti","status":"publish","type":"post","link":"https:\/\/blogs.correiobraziliense.com.br\/capital-sa\/2024\/06\/05\/26a-edicao-do-projeto-palco-giratorio-estreia-com-paulo-betti\/","title":{"rendered":"26\u00aa edi\u00e7\u00e3o do projeto Palco Girat\u00f3rio estreia com Paulo Betti"},"content":{"rendered":"<p class=\"p1\">Por<strong> Samanta Sallum\u00a0<\/strong><\/p>\n<p class=\"p1\"><span class=\"s1\">O maior projeto itinerante de artes c\u00eanicas do pa\u00eds, o Palco Girat\u00f3rio, estreia no Distrito Federal nesta quinta-feira (6), com o espet\u00e1culo \u201cHeran\u00e7a\u201d, da Cia mineira Burlantins, no Teatro Sesc Garagem, localizado na 913 Sul. Pe\u00e7a de sucesso no eixo Rio-S\u00e3o Paulo, a montagem foi vencedora do Pr\u00eamio Bibi Ferreira de Teatro no ano passado. O lan\u00e7amento oficial do projeto na capital federal<span class=\"Apple-converted-space\">\u00a0<\/span>ocorreu na noite de ontem com a participa\u00e7\u00e3o especial do ator Paulo Betti, que apresentou a pe\u00e7a <em>Biografia Autorizada.<\/em> O evento para imprensa e convidados reuniu representantes da cultura do DF.<\/span><\/p>\n<p class=\"p1\"><strong><span class=\"s1\">Rela\u00e7\u00e3o afetiva <\/span><\/strong><\/p>\n<p class=\"p1\"><span class=\"s1\">\u201cA primeira pe\u00e7a que fiz foi no Sesc, o Pagador de Promessas.\u00a0<\/span>Quando me perguntam como come\u00e7ar na carreira, eu digo para procurar o Sesc mais pr\u00f3ximo. Tenho guardado a minha carteirinha do anos 60. Eu sou fruto do Sesc\u201d, lembrou Betti.<\/p>\n<p class=\"p1\"><strong><span class=\"s1\">Inclus\u00e3o <\/span><\/strong><\/p>\n<p class=\"p1\"><span class=\"s1\">A 26\u00aa edi\u00e7\u00e3o do Palco Girat\u00f3rio circular\u00e1 em todo o pa\u00eds at\u00e9 dezembro, com 404 apresenta\u00e7\u00f5es e 264 cursos e oficinas, realizadas por 17 grupos art\u00edsticos. No DF, no total, ser\u00e3o 14 espet\u00e1culos com diversas tem\u00e1ticas, que retratam importantes quest\u00f5es em debate na sociedade, como a intergeracionalidade, a negritude, a acessibilidade e a inclus\u00e3o. Em todos os dias, a entrada \u00e9 gratuita, sujeita \u00e0 lota\u00e7\u00e3o do espa\u00e7o. A programa\u00e7\u00e3o completa est\u00e1 dispon\u00edvel no site do Sesc-DF.<\/span><\/p>\n<p class=\"p1\"><span class=\"s1\">&#8220;Investir em cultura \u00e9 investir em um pa\u00eds melhor, afinal, a cultura forma esse trip\u00e9 social fundamental em qualquer sociedade, juntamente com esporte e educa\u00e7\u00e3o. Buscamos levar as nossas a\u00e7\u00f5es culturais onde o povo est\u00e1, levando a todo o Distrito Federal programa\u00e7\u00e3o de qualidade e de gra\u00e7a para nossa popula\u00e7\u00e3o&#8221;, destacou o diretor regional do Sesc, Valcides de Ara\u00fajo.<\/span><\/p>\n","protected":false},"excerpt":{"rendered":"<p>Por Samanta Sallum\u00a0 O maior projeto itinerante de artes c\u00eanicas do pa\u00eds, o Palco Girat\u00f3rio, estreia no Distrito Federal nesta quinta-feira (6), com o espet\u00e1culo \u201cHeran\u00e7a\u201d, da Cia mineira Burlantins, no Teatro Sesc Garagem, localizado na 913 Sul. Pe\u00e7a de sucesso no eixo Rio-S\u00e3o Paulo, a montagem foi vencedora do Pr\u00eamio Bibi Ferreira de Teatro no ano passado. O lan\u00e7amento [&hellip;]<\/p>\n","protected":false},"author":125,"featured_media":16253,"comment_status":"open","ping_status":"open","sticky":false,"template":"","format":"standard","meta":{"footnotes":""},"categories":[1],"tags":[181,574,543,2246],"class_list":["post-16249","post","type-post","status-publish","format-standard","has-post-thumbnail","hentry","category-sem-categoria","tag-arte","tag-cultura","tag-lazer","tag-palcogiratorio"],"_links":{"self":[{"href":"https:\/\/blogs.correiobraziliense.com.br\/capital-sa\/wp-json\/wp\/v2\/posts\/16249","targetHints":{"allow":["GET"]}}],"collection":[{"href":"https:\/\/blogs.correiobraziliense.com.br\/capital-sa\/wp-json\/wp\/v2\/posts"}],"about":[{"href":"https:\/\/blogs.correiobraziliense.com.br\/capital-sa\/wp-json\/wp\/v2\/types\/post"}],"author":[{"embeddable":true,"href":"https:\/\/blogs.correiobraziliense.com.br\/capital-sa\/wp-json\/wp\/v2\/users\/125"}],"replies":[{"embeddable":true,"href":"https:\/\/blogs.correiobraziliense.com.br\/capital-sa\/wp-json\/wp\/v2\/comments?post=16249"}],"version-history":[{"count":5,"href":"https:\/\/blogs.correiobraziliense.com.br\/capital-sa\/wp-json\/wp\/v2\/posts\/16249\/revisions"}],"predecessor-version":[{"id":16257,"href":"https:\/\/blogs.correiobraziliense.com.br\/capital-sa\/wp-json\/wp\/v2\/posts\/16249\/revisions\/16257"}],"wp:featuredmedia":[{"embeddable":true,"href":"https:\/\/blogs.correiobraziliense.com.br\/capital-sa\/wp-json\/wp\/v2\/media\/16253"}],"wp:attachment":[{"href":"https:\/\/blogs.correiobraziliense.com.br\/capital-sa\/wp-json\/wp\/v2\/media?parent=16249"}],"wp:term":[{"taxonomy":"category","embeddable":true,"href":"https:\/\/blogs.correiobraziliense.com.br\/capital-sa\/wp-json\/wp\/v2\/categories?post=16249"},{"taxonomy":"post_tag","embeddable":true,"href":"https:\/\/blogs.correiobraziliense.com.br\/capital-sa\/wp-json\/wp\/v2\/tags?post=16249"}],"curies":[{"name":"wp","href":"https:\/\/api.w.org\/{rel}","templated":true}]}}