{"id":16227,"date":"2024-06-03T15:34:26","date_gmt":"2024-06-03T18:34:26","guid":{"rendered":"https:\/\/blogs.correiobraziliense.com.br\/capital-sa\/?p=16227"},"modified":"2024-06-04T19:51:32","modified_gmt":"2024-06-04T22:51:32","slug":"cpi-da-saude-no-df-concorre-com-outras-tres-para-sair-do-papel","status":"publish","type":"post","link":"https:\/\/blogs.correiobraziliense.com.br\/capital-sa\/2024\/06\/03\/cpi-da-saude-no-df-concorre-com-outras-tres-para-sair-do-papel\/","title":{"rendered":"CPI da Sa\u00fade no DF concorre com outras tr\u00eas para sair do papel"},"content":{"rendered":"<p class=\"p1\"><strong>Por Samanta Sallum\u00a0<\/strong><\/p>\n<p class=\"p1\"><span class=\"s1\">Para passar \u00e0 frente de outras tr\u00eas CPIs, a que pretende investigar e encontrar respons\u00e1veis pela crise na sa\u00fade p\u00fablica do DF precisa ter 13 assinaturas na C\u00e2mara Legislativa. At\u00e9 agora, tem oito. Na frente est\u00e3o a CPI sobre fraudes na arrecada\u00e7\u00e3o de ICMS (proposta por Rob\u00e9rio Negreiros, do PSD); a da polui\u00e7\u00e3o no Rio Melchior (autoria de Paula\u00a0<\/span>Belmonte, do Cidadania) e a da Viol\u00eancia contra Mulher (apresentada pelo deputado Pastor Daniel de Castro, do PP).<\/p>\n<p class=\"p1\"><span class=\"s1\"> O presidente da C\u00e2mara, deputado Wellington Luiz (MDB), avalia que uma Comiss\u00e3o Parlamentar de Inqu\u00e9rito da Sa\u00fade n\u00e3o seria o instrumento mais eficaz, no momento, para buscar solu\u00e7\u00f5es para o setor.<br \/>\n<\/span><\/p>\n<p class=\"p1\"><span class=\"s1\">\u201cN\u00e3o podemos negar que h\u00e1 um problema s\u00e9rio<\/span><span class=\"s1\">\u00a0na sa\u00fade p\u00fablica. Mas acho que a CPI n\u00e3o trar\u00e1 a curto prazo resultado. Precisamos de medidas de impacto imediato, e uma CPI demora seis meses. Acho leg\u00edtimo que a oposi\u00e7\u00e3o tenha apresentado o requerimento, mas temos de avaliar bem o objetivo de uma CPI\u201d, disse o distrital \u00e0 coluna.<\/span><\/p>\n","protected":false},"excerpt":{"rendered":"<p>Por Samanta Sallum\u00a0 Para passar \u00e0 frente de outras tr\u00eas CPIs, a que pretende investigar e encontrar respons\u00e1veis pela crise na sa\u00fade p\u00fablica do DF precisa ter 13 assinaturas na C\u00e2mara Legislativa. At\u00e9 agora, tem oito. Na frente est\u00e3o a CPI sobre fraudes na arrecada\u00e7\u00e3o de ICMS (proposta por Rob\u00e9rio Negreiros, do PSD); a da polui\u00e7\u00e3o no Rio Melchior (autoria [&hellip;]<\/p>\n","protected":false},"author":125,"featured_media":16232,"comment_status":"open","ping_status":"open","sticky":false,"template":"","format":"standard","meta":{"footnotes":""},"categories":[6],"tags":[1686,1866,203,280,4],"class_list":["post-16227","post","type-post","status-publish","format-standard","has-post-thumbnail","hentry","category-coluna-capital-s-a","tag-cldf","tag-cpi","tag-gdf","tag-saude","tag-crise"],"_links":{"self":[{"href":"https:\/\/blogs.correiobraziliense.com.br\/capital-sa\/wp-json\/wp\/v2\/posts\/16227","targetHints":{"allow":["GET"]}}],"collection":[{"href":"https:\/\/blogs.correiobraziliense.com.br\/capital-sa\/wp-json\/wp\/v2\/posts"}],"about":[{"href":"https:\/\/blogs.correiobraziliense.com.br\/capital-sa\/wp-json\/wp\/v2\/types\/post"}],"author":[{"embeddable":true,"href":"https:\/\/blogs.correiobraziliense.com.br\/capital-sa\/wp-json\/wp\/v2\/users\/125"}],"replies":[{"embeddable":true,"href":"https:\/\/blogs.correiobraziliense.com.br\/capital-sa\/wp-json\/wp\/v2\/comments?post=16227"}],"version-history":[{"count":6,"href":"https:\/\/blogs.correiobraziliense.com.br\/capital-sa\/wp-json\/wp\/v2\/posts\/16227\/revisions"}],"predecessor-version":[{"id":16240,"href":"https:\/\/blogs.correiobraziliense.com.br\/capital-sa\/wp-json\/wp\/v2\/posts\/16227\/revisions\/16240"}],"wp:featuredmedia":[{"embeddable":true,"href":"https:\/\/blogs.correiobraziliense.com.br\/capital-sa\/wp-json\/wp\/v2\/media\/16232"}],"wp:attachment":[{"href":"https:\/\/blogs.correiobraziliense.com.br\/capital-sa\/wp-json\/wp\/v2\/media?parent=16227"}],"wp:term":[{"taxonomy":"category","embeddable":true,"href":"https:\/\/blogs.correiobraziliense.com.br\/capital-sa\/wp-json\/wp\/v2\/categories?post=16227"},{"taxonomy":"post_tag","embeddable":true,"href":"https:\/\/blogs.correiobraziliense.com.br\/capital-sa\/wp-json\/wp\/v2\/tags?post=16227"}],"curies":[{"name":"wp","href":"https:\/\/api.w.org\/{rel}","templated":true}]}}