{"id":16222,"date":"2024-06-03T15:06:46","date_gmt":"2024-06-03T18:06:46","guid":{"rendered":"https:\/\/blogs.correiobraziliense.com.br\/capital-sa\/?p=16222"},"modified":"2024-06-03T15:06:46","modified_gmt":"2024-06-03T18:06:46","slug":"audiencia-publica-vai-debater-ordenamento-territorial-do-df","status":"publish","type":"post","link":"https:\/\/blogs.correiobraziliense.com.br\/capital-sa\/2024\/06\/03\/audiencia-publica-vai-debater-ordenamento-territorial-do-df\/","title":{"rendered":"Audi\u00eancia P\u00fablica vai debater ordenamento territorial do DF"},"content":{"rendered":"<p class=\"p1\"><strong>Por Samanta Sallum<\/strong><\/p>\n<p class=\"p1\"><span class=\"s1\">A primeira audi\u00eancia p\u00fablica sobre o Plano Diretor de Ordenamento Territorial (PDOT) foi marcada para o dia 29 de junho. O aviso foi publicado no <a href=\"https:\/\/www.seduh.df.gov.br\/wp-conteudo\/uploads\/2024\/05\/Audiencia-PDOT-28-05-1.pdf\">Di\u00e1rio Oficial do Distrito Federal (DODF)<\/a>. O encontro ser\u00e1 presencial, a partir das 9h, no audit\u00f3rio do Museu Nacional da Rep\u00fablica, tamb\u00e9m ser\u00e1 transmitido pelo YouTube, por meio do canal <a href=\"https:\/\/www.youtube.com\/c\/Conex%C3%A3oSeduh\">Conex\u00e3o Seduh<\/a>. O PDOT \u00e9 a lei que define quais s\u00e3o as diretrizes e estrat\u00e9gias aplicadas \u00e0s zonas urbanas e rurais do Distrito Federal, as \u00e1reas ambientalmente sens\u00edveis e quais locais podem ser destinados \u00e0 moradia ou \u00e0 ind\u00fastria, por exemplo.<\/span><\/p>\n<p class=\"p1\"><strong>Revis\u00e3o a cada 10 anos<\/strong><\/p>\n<p class=\"p1\"><span class=\"s1\">A norma vigente \u00e9 de 2009 e a cada dez anos \u00e9 necess\u00e1rio que haja uma revis\u00e3o, que foi iniciada em 2019, mas interrompida devido \u00e0 pandemia da covid-19. Os trabalhos continuaram nos anos posteriores, com o Plano Diretor sendo revisado pela Seduh, em conjunto com outras \u00e1reas do GDF e da sociedade civil.<\/span><\/p>\n<p class=\"p1\"><span class=\"s1\">\u00a0<strong>Lei Complementar <\/strong><\/span><\/p>\n<p class=\"p1\"><span class=\"s1\">\u201cO PDOT \u00e9 o instrumento que aponta os caminhos para a organiza\u00e7\u00e3o e o desenvolvimento do territ\u00f3rio urbano e rural do DF. Ao longo de 2023, e antes disso, a equipe t\u00e9cnica da Seduh, junto aos do GDF e com a participa\u00e7\u00e3o da popula\u00e7\u00e3o, elaborou uma leitura do territ\u00f3rio, com levantamentos que ir\u00e3o embasar a pr\u00f3xima Lei Complementar que institui o PDOT, e que valer\u00e1 pelos pr\u00f3ximos dez anos\u201d, explica o secret\u00e1rio de Desenvolvimento Urbano e Habita\u00e7\u00e3o, Marcelo Vaz.<\/span><\/p>\n","protected":false},"excerpt":{"rendered":"<p>Por Samanta Sallum A primeira audi\u00eancia p\u00fablica sobre o Plano Diretor de Ordenamento Territorial (PDOT) foi marcada para o dia 29 de junho. O aviso foi publicado no Di\u00e1rio Oficial do Distrito Federal (DODF). O encontro ser\u00e1 presencial, a partir das 9h, no audit\u00f3rio do Museu Nacional da Rep\u00fablica, tamb\u00e9m ser\u00e1 transmitido pelo YouTube, por meio do canal Conex\u00e3o Seduh. [&hellip;]<\/p>\n","protected":false},"author":125,"featured_media":16226,"comment_status":"open","ping_status":"open","sticky":false,"template":"","format":"standard","meta":{"footnotes":""},"categories":[6],"tags":[],"class_list":["post-16222","post","type-post","status-publish","format-standard","has-post-thumbnail","hentry","category-coluna-capital-s-a"],"_links":{"self":[{"href":"https:\/\/blogs.correiobraziliense.com.br\/capital-sa\/wp-json\/wp\/v2\/posts\/16222","targetHints":{"allow":["GET"]}}],"collection":[{"href":"https:\/\/blogs.correiobraziliense.com.br\/capital-sa\/wp-json\/wp\/v2\/posts"}],"about":[{"href":"https:\/\/blogs.correiobraziliense.com.br\/capital-sa\/wp-json\/wp\/v2\/types\/post"}],"author":[{"embeddable":true,"href":"https:\/\/blogs.correiobraziliense.com.br\/capital-sa\/wp-json\/wp\/v2\/users\/125"}],"replies":[{"embeddable":true,"href":"https:\/\/blogs.correiobraziliense.com.br\/capital-sa\/wp-json\/wp\/v2\/comments?post=16222"}],"version-history":[{"count":3,"href":"https:\/\/blogs.correiobraziliense.com.br\/capital-sa\/wp-json\/wp\/v2\/posts\/16222\/revisions"}],"predecessor-version":[{"id":16225,"href":"https:\/\/blogs.correiobraziliense.com.br\/capital-sa\/wp-json\/wp\/v2\/posts\/16222\/revisions\/16225"}],"wp:featuredmedia":[{"embeddable":true,"href":"https:\/\/blogs.correiobraziliense.com.br\/capital-sa\/wp-json\/wp\/v2\/media\/16226"}],"wp:attachment":[{"href":"https:\/\/blogs.correiobraziliense.com.br\/capital-sa\/wp-json\/wp\/v2\/media?parent=16222"}],"wp:term":[{"taxonomy":"category","embeddable":true,"href":"https:\/\/blogs.correiobraziliense.com.br\/capital-sa\/wp-json\/wp\/v2\/categories?post=16222"},{"taxonomy":"post_tag","embeddable":true,"href":"https:\/\/blogs.correiobraziliense.com.br\/capital-sa\/wp-json\/wp\/v2\/tags?post=16222"}],"curies":[{"name":"wp","href":"https:\/\/api.w.org\/{rel}","templated":true}]}}