{"id":16177,"date":"2024-05-28T08:00:43","date_gmt":"2024-05-28T11:00:43","guid":{"rendered":"https:\/\/blogs.correiobraziliense.com.br\/capital-sa\/?p=16177"},"modified":"2024-05-28T08:45:16","modified_gmt":"2024-05-28T11:45:16","slug":"sucesso-da-rota-brasilia-lima-faz-aumentar-oferta-de-voos","status":"publish","type":"post","link":"https:\/\/blogs.correiobraziliense.com.br\/capital-sa\/2024\/05\/28\/sucesso-da-rota-brasilia-lima-faz-aumentar-oferta-de-voos\/","title":{"rendered":"Sucesso da rota Bras\u00edlia-Lima faz aumentar oferta de voos"},"content":{"rendered":"<p><em>Em junho, ser\u00e1 inaugurada opera\u00e7\u00e3o saindo do aeroporto JK para Santiago, no Chile\u00a0<\/em><\/p>\n<p class=\"p1\"><strong>Por Samanta Sallum\u00a0<\/strong><\/p>\n<p class=\"p1\">De abril de 2023 a mar\u00e7o de 2024, a Latam transportou 103 mil passageiros em 740 voos entre Bras\u00edlia e Lima (Peru).\u00a0 A empresa informou que o bom desempenho \u201creflete o acerto em tamb\u00e9m investir de forma sustent\u00e1vel nas rotas internacionais fora do eixo Rio-S\u00e3o Paulo. O voo \u00e9 operado com quatro frequ\u00eancias semanais, que passar\u00e3o a cinco a partir de julho.<\/p>\n<p class=\"p1\"><span class=\"s2\">Em Bras\u00edlia, a companhia tamb\u00e9m <a href=\"https:\/\/www.latamairlines.com\/br\/pt\/imprensa\/noticias\/latam-inaugura-brasilia-lima-e-porto-alegre-santiago\"><span class=\"s3\">come\u00e7ar\u00e1 a operar a rota internacional Bras\u00edlia-Santiago<\/span><\/a> (Chile) em junho deste ano. Segundo <\/span><span class=\"s1\">Aline Mafra, diretora de Vendas e Marketing da Latam Brasil<\/span><span class=\"s2\">, \u201c<\/span><span class=\"s4\">Bras\u00edlia \u00e9 o segundo principal hub da empresa no Brasil, e conect\u00e1-la com voos diretos para mais destinos na Am\u00e9rica do Sul \u00e9 uma forma de fomentar mais neg\u00f3cios e turismo para brasileiros em todas as regi\u00f5es por meio de 33 destinos dom\u00e9sticos que se conectam a Bras\u00edlia<\/span><span class=\"s2\">\u201d.<\/span><\/p>\n","protected":false},"excerpt":{"rendered":"<p>Em junho, ser\u00e1 inaugurada opera\u00e7\u00e3o saindo do aeroporto JK para Santiago, no Chile\u00a0 Por Samanta Sallum\u00a0 De abril de 2023 a mar\u00e7o de 2024, a Latam transportou 103 mil passageiros em 740 voos entre Bras\u00edlia e Lima (Peru).\u00a0 A empresa informou que o bom desempenho \u201creflete o acerto em tamb\u00e9m investir de forma sustent\u00e1vel nas rotas internacionais fora do eixo [&hellip;]<\/p>\n","protected":false},"author":125,"featured_media":16181,"comment_status":"open","ping_status":"open","sticky":false,"template":"","format":"standard","meta":{"footnotes":""},"categories":[6],"tags":[2239,654,517,333],"class_list":["post-16177","post","type-post","status-publish","format-standard","has-post-thumbnail","hentry","category-coluna-capital-s-a","tag-conexao","tag-investimento","tag-negocios","tag-turismo"],"_links":{"self":[{"href":"https:\/\/blogs.correiobraziliense.com.br\/capital-sa\/wp-json\/wp\/v2\/posts\/16177","targetHints":{"allow":["GET"]}}],"collection":[{"href":"https:\/\/blogs.correiobraziliense.com.br\/capital-sa\/wp-json\/wp\/v2\/posts"}],"about":[{"href":"https:\/\/blogs.correiobraziliense.com.br\/capital-sa\/wp-json\/wp\/v2\/types\/post"}],"author":[{"embeddable":true,"href":"https:\/\/blogs.correiobraziliense.com.br\/capital-sa\/wp-json\/wp\/v2\/users\/125"}],"replies":[{"embeddable":true,"href":"https:\/\/blogs.correiobraziliense.com.br\/capital-sa\/wp-json\/wp\/v2\/comments?post=16177"}],"version-history":[{"count":7,"href":"https:\/\/blogs.correiobraziliense.com.br\/capital-sa\/wp-json\/wp\/v2\/posts\/16177\/revisions"}],"predecessor-version":[{"id":16195,"href":"https:\/\/blogs.correiobraziliense.com.br\/capital-sa\/wp-json\/wp\/v2\/posts\/16177\/revisions\/16195"}],"wp:featuredmedia":[{"embeddable":true,"href":"https:\/\/blogs.correiobraziliense.com.br\/capital-sa\/wp-json\/wp\/v2\/media\/16181"}],"wp:attachment":[{"href":"https:\/\/blogs.correiobraziliense.com.br\/capital-sa\/wp-json\/wp\/v2\/media?parent=16177"}],"wp:term":[{"taxonomy":"category","embeddable":true,"href":"https:\/\/blogs.correiobraziliense.com.br\/capital-sa\/wp-json\/wp\/v2\/categories?post=16177"},{"taxonomy":"post_tag","embeddable":true,"href":"https:\/\/blogs.correiobraziliense.com.br\/capital-sa\/wp-json\/wp\/v2\/tags?post=16177"}],"curies":[{"name":"wp","href":"https:\/\/api.w.org\/{rel}","templated":true}]}}