{"id":16171,"date":"2024-05-27T22:40:24","date_gmt":"2024-05-28T01:40:24","guid":{"rendered":"https:\/\/blogs.correiobraziliense.com.br\/capital-sa\/?p=16171"},"modified":"2024-05-28T08:41:18","modified_gmt":"2024-05-28T11:41:18","slug":"cresce-faturamento-das-empresas-atacadistas","status":"publish","type":"post","link":"https:\/\/blogs.correiobraziliense.com.br\/capital-sa\/2024\/05\/27\/cresce-faturamento-das-empresas-atacadistas\/","title":{"rendered":"Cresce faturamento das empresas atacadistas"},"content":{"rendered":"<p><em>Grupo do Distrito Federal est\u00e1 entre os cinco maiores do pa\u00eds\u00a0<\/em><\/p>\n<p class=\"p1\"><strong>Por Samanta Sallum<\/strong><\/p>\n<p>O setor atacadista distribuidor brasileiro fechou 2023 com faturamento de R$ 403,9 bilh\u00f5es, a pre\u00e7o de varejo, o que representa crescimento nominal de +10,9% e real de +6,28% com rela\u00e7\u00e3o ao ano anterior, sendo descontada a infla\u00e7\u00e3o oficial pelo IPCA de 4,62%. Os dados s\u00e3o do Ranking ABAD NielsenIQ 2024 &#8211; Ano base 2023, realizado pela Associa\u00e7\u00e3o Brasileira de Atacadistas e Distribuidores.<\/p>\n<p class=\"p1\"><span class=\"s1\"> Segundo o estudo, esse faturamento representa cerca de<span class=\"Apple-converted-space\">\u00a0<\/span>52,5% do mercado geral de consumo, que cresceu +9,7% e chegou a um total estimado em R$ 769 bilh\u00f5es. A melhor marca desde 2019, cen\u00e1rio pr\u00e9-pandemia, quando o percentual atingiu 53%.<\/span><\/p>\n<p class=\"p1\"><strong><span class=\"s1\">Presen\u00e7a forte do DF<\/span><\/strong><\/p>\n<p class=\"p1\"><span class=\"s1\">Entre as empresas participantes do estudo, ao todo 740,\u00a0destacam-se com o maior n\u00famero de respondentes os estados de Rio de Janeiro (84), Alagoas (82), Santa Catarina (56), Paran\u00e1 (53) e o Distrito Federal (44).<br \/>\n<\/span><\/p>\n<p class=\"p1\"><span class=\"s1\">O Atacad\u00e3o Dia a Dia da capital federal ficou em 5o lugar no ranking nacional entre as empresas de maior faturamento. Em 1o lugar, ficou o Atacad\u00e3o S\/A de S\u00e3o Paulo, seguido do grupo Martins de MG.<\/span><\/p>\n","protected":false},"excerpt":{"rendered":"<p>Grupo do Distrito Federal est\u00e1 entre os cinco maiores do pa\u00eds\u00a0 Por Samanta Sallum O setor atacadista distribuidor brasileiro fechou 2023 com faturamento de R$ 403,9 bilh\u00f5es, a pre\u00e7o de varejo, o que representa crescimento nominal de +10,9% e real de +6,28% com rela\u00e7\u00e3o ao ano anterior, sendo descontada a infla\u00e7\u00e3o oficial pelo IPCA de 4,62%. Os dados s\u00e3o do [&hellip;]<\/p>\n","protected":false},"author":125,"featured_media":16176,"comment_status":"open","ping_status":"open","sticky":false,"template":"","format":"standard","meta":{"footnotes":""},"categories":[6],"tags":[276,1291,1407,779],"class_list":["post-16171","post","type-post","status-publish","format-standard","has-post-thumbnail","hentry","category-coluna-capital-s-a","tag-economia","tag-faturamento","tag-atacado","tag-varejo"],"_links":{"self":[{"href":"https:\/\/blogs.correiobraziliense.com.br\/capital-sa\/wp-json\/wp\/v2\/posts\/16171","targetHints":{"allow":["GET"]}}],"collection":[{"href":"https:\/\/blogs.correiobraziliense.com.br\/capital-sa\/wp-json\/wp\/v2\/posts"}],"about":[{"href":"https:\/\/blogs.correiobraziliense.com.br\/capital-sa\/wp-json\/wp\/v2\/types\/post"}],"author":[{"embeddable":true,"href":"https:\/\/blogs.correiobraziliense.com.br\/capital-sa\/wp-json\/wp\/v2\/users\/125"}],"replies":[{"embeddable":true,"href":"https:\/\/blogs.correiobraziliense.com.br\/capital-sa\/wp-json\/wp\/v2\/comments?post=16171"}],"version-history":[{"count":6,"href":"https:\/\/blogs.correiobraziliense.com.br\/capital-sa\/wp-json\/wp\/v2\/posts\/16171\/revisions"}],"predecessor-version":[{"id":16193,"href":"https:\/\/blogs.correiobraziliense.com.br\/capital-sa\/wp-json\/wp\/v2\/posts\/16171\/revisions\/16193"}],"wp:featuredmedia":[{"embeddable":true,"href":"https:\/\/blogs.correiobraziliense.com.br\/capital-sa\/wp-json\/wp\/v2\/media\/16176"}],"wp:attachment":[{"href":"https:\/\/blogs.correiobraziliense.com.br\/capital-sa\/wp-json\/wp\/v2\/media?parent=16171"}],"wp:term":[{"taxonomy":"category","embeddable":true,"href":"https:\/\/blogs.correiobraziliense.com.br\/capital-sa\/wp-json\/wp\/v2\/categories?post=16171"},{"taxonomy":"post_tag","embeddable":true,"href":"https:\/\/blogs.correiobraziliense.com.br\/capital-sa\/wp-json\/wp\/v2\/tags?post=16171"}],"curies":[{"name":"wp","href":"https:\/\/api.w.org\/{rel}","templated":true}]}}