{"id":16148,"date":"2024-05-27T22:04:50","date_gmt":"2024-05-28T01:04:50","guid":{"rendered":"https:\/\/blogs.correiobraziliense.com.br\/capital-sa\/?p=16148"},"modified":"2024-05-28T07:53:45","modified_gmt":"2024-05-28T10:53:45","slug":"inaugurada-nova-temporada-do-hidden-em-espaco-repaginado","status":"publish","type":"post","link":"https:\/\/blogs.correiobraziliense.com.br\/capital-sa\/2024\/05\/27\/inaugurada-nova-temporada-do-hidden-em-espaco-repaginado\/","title":{"rendered":"Inaugurada nova temporada do Hidden em espa\u00e7o repaginado"},"content":{"rendered":"<p class=\"p1\"><strong>Por Samanta Sallum<\/strong><\/p>\n<p class=\"p1\"><span class=\"s1\">Foi aberta a nova temporada do HIDDEN com uma festa para convidados na noite de quarta-feira. O projeto, lan\u00e7ado h\u00e1 seis anos, teve a primeira edi\u00e7\u00e3o na passarela subterr\u00e2nea do Pier 21. Em 2018, foi a vez do biciclet\u00e1rio do Parque da Cidade, e assim passou por v\u00e1rios espa\u00e7os da cidade. Em vers\u00e3o repaginada, o Hidden ser\u00e1 novamente na Casa Manchete (no SIG), onde foi realizado em 2023<\/span><span class=\"s2\">. <\/span><span class=\"s1\">Projetada pelo arquiteto Oscar Niemeyer, \u00e9 um dos \u00edcones da arquitetura modernista de Bras\u00edlia. <\/span><\/p>\n<p class=\"p1\"><strong><span class=\"s1\">Vinhos e m\u00fasica <\/span><\/strong><\/p>\n<p class=\"p1\"><span class=\"s1\">Programado para acontecer sempre \u00e0s quintas, sextas, s\u00e1bados e alguns domingos especiais \u2013 sempre <\/span><span class=\"s2\">a partir das 18h30<\/span><span class=\"s1\">, o HIDDEN trar\u00e1 as melhores sele\u00e7\u00f5es de vinhos, bandas de Rock\u2019n Roll, e MPB. \u201c<\/span><span class=\"s3\">Foram noites lindas em 2023.\u00a0<\/span><span class=\"s3\">E, atrav\u00e9s de uma pesquisa com o p\u00fablico do projeto, ficou ainda mais concreta a predile\u00e7\u00e3o pelo ambiente de Oscar Niemeyer. Decidimos, ent\u00e3o, investir em um novo layout para surpreender e trazer novidades\u201d<\/span><span class=\"s1\">, explica a idealizadora do evento <\/span><span class=\"s2\">Mari Braga<\/span><span class=\"s1\">.<\/span><\/p>\n","protected":false},"excerpt":{"rendered":"<p>Por Samanta Sallum Foi aberta a nova temporada do HIDDEN com uma festa para convidados na noite de quarta-feira. O projeto, lan\u00e7ado h\u00e1 seis anos, teve a primeira edi\u00e7\u00e3o na passarela subterr\u00e2nea do Pier 21. Em 2018, foi a vez do biciclet\u00e1rio do Parque da Cidade, e assim passou por v\u00e1rios espa\u00e7os da cidade. Em vers\u00e3o repaginada, o Hidden ser\u00e1 [&hellip;]<\/p>\n","protected":false},"author":125,"featured_media":16152,"comment_status":"open","ping_status":"open","sticky":false,"template":"","format":"standard","meta":{"footnotes":""},"categories":[6],"tags":[1113,180,851,1249],"class_list":["post-16148","post","type-post","status-publish","format-standard","has-post-thumbnail","hentry","category-coluna-capital-s-a","tag-hidden","tag-musica","tag-oscarniemeyer","tag-vinhos"],"_links":{"self":[{"href":"https:\/\/blogs.correiobraziliense.com.br\/capital-sa\/wp-json\/wp\/v2\/posts\/16148","targetHints":{"allow":["GET"]}}],"collection":[{"href":"https:\/\/blogs.correiobraziliense.com.br\/capital-sa\/wp-json\/wp\/v2\/posts"}],"about":[{"href":"https:\/\/blogs.correiobraziliense.com.br\/capital-sa\/wp-json\/wp\/v2\/types\/post"}],"author":[{"embeddable":true,"href":"https:\/\/blogs.correiobraziliense.com.br\/capital-sa\/wp-json\/wp\/v2\/users\/125"}],"replies":[{"embeddable":true,"href":"https:\/\/blogs.correiobraziliense.com.br\/capital-sa\/wp-json\/wp\/v2\/comments?post=16148"}],"version-history":[{"count":5,"href":"https:\/\/blogs.correiobraziliense.com.br\/capital-sa\/wp-json\/wp\/v2\/posts\/16148\/revisions"}],"predecessor-version":[{"id":16185,"href":"https:\/\/blogs.correiobraziliense.com.br\/capital-sa\/wp-json\/wp\/v2\/posts\/16148\/revisions\/16185"}],"wp:featuredmedia":[{"embeddable":true,"href":"https:\/\/blogs.correiobraziliense.com.br\/capital-sa\/wp-json\/wp\/v2\/media\/16152"}],"wp:attachment":[{"href":"https:\/\/blogs.correiobraziliense.com.br\/capital-sa\/wp-json\/wp\/v2\/media?parent=16148"}],"wp:term":[{"taxonomy":"category","embeddable":true,"href":"https:\/\/blogs.correiobraziliense.com.br\/capital-sa\/wp-json\/wp\/v2\/categories?post=16148"},{"taxonomy":"post_tag","embeddable":true,"href":"https:\/\/blogs.correiobraziliense.com.br\/capital-sa\/wp-json\/wp\/v2\/tags?post=16148"}],"curies":[{"name":"wp","href":"https:\/\/api.w.org\/{rel}","templated":true}]}}