{"id":1612,"date":"2021-01-29T10:56:19","date_gmt":"2021-01-29T13:56:19","guid":{"rendered":"https:\/\/blogs.correiobraziliense.com.br\/capital-sa\/?p=1612"},"modified":"2021-01-29T12:02:11","modified_gmt":"2021-01-29T15:02:11","slug":"startup-incubada-pela-unb-e-tim-e-sucesso-no-mundo","status":"publish","type":"post","link":"https:\/\/blogs.correiobraziliense.com.br\/capital-sa\/2021\/01\/29\/startup-incubada-pela-unb-e-tim-e-sucesso-no-mundo\/","title":{"rendered":"Startup incubada pela UnB e TIM \u00e9 sucesso no mundo"},"content":{"rendered":"<p>A E-lastic \u00e9 uma empresa jovem de Bras\u00edlia, liderada por um ex-aluno da UnB, que est\u00e1 ganhando o mundo. Ela nasceu a partir de um trabalho de conclus\u00e3o de curso (TCC) h\u00e1 5 anos. A startup vende para fisioterapeutas e cl\u00ednicas de reabilita\u00e7\u00e3o f\u00edsica uma solu\u00e7\u00e3o tecnol\u00f3gica que avalia os ganhos de for\u00e7a e resultados dos pacientes.<\/p>\n<p>A partir de uma plataforma acessada pelo computador ou celular, \u00e9 poss\u00edvel oferecer o servi\u00e7o que tamb\u00e9m vem acompanhado de equipamentos. Algo inovador que n\u00e3o tem concorrente semelhante no mercado.<\/p>\n<p>Jo\u00e3o Mac\u00eado Silva J\u00fanior, de 27 anos, \u00e9 um dos fundadores da empresa e atualmente o\u00a0administrador do neg\u00f3cio.\u00a0O cearense veio para Bras\u00edlia h\u00e1 10 anos. Aqui se formou em engenharia el\u00e9trica e cresceu profissionalmente. A empresa est\u00e1 prestes a celebrar seu mil\u00e9simo cliente.<\/p>\n<p><b>Em cidades do interior<\/b><\/p>\n<p>\u201cEstamos presentes em todo o pa\u00eds, inclusive em cidades pequenas do interior. Isso nos orgulha muito. E tamb\u00e9m exportamos. Acabamos de enviar equipamento para aUcr\u00e2nia\u201d, conta Jo\u00e3o. Am\u00e9rica latina e Europa j\u00e1 conhecem bem a E-Lastic.<\/p>\n<p><img loading=\"lazy\" decoding=\"async\" class=\"aligncenter size-medium wp-image-1617\" src=\"https:\/\/blogs.correiobraziliense.com.br\/capital-sa\/wp-content\/uploads\/sites\/59\/2021\/01\/6B596DF9-BC39-4AB7-BB3E-5C571BA387C5-218x300.jpeg\" alt=\"\" width=\"218\" height=\"300\" srcset=\"https:\/\/blogs.correiobraziliense.com.br\/capital-sa\/wp-content\/uploads\/sites\/59\/2021\/01\/6B596DF9-BC39-4AB7-BB3E-5C571BA387C5-218x300.jpeg 218w, https:\/\/blogs.correiobraziliense.com.br\/capital-sa\/wp-content\/uploads\/sites\/59\/2021\/01\/6B596DF9-BC39-4AB7-BB3E-5C571BA387C5-550x757.jpeg 550w, https:\/\/blogs.correiobraziliense.com.br\/capital-sa\/wp-content\/uploads\/sites\/59\/2021\/01\/6B596DF9-BC39-4AB7-BB3E-5C571BA387C5-230x316.jpeg 230w, https:\/\/blogs.correiobraziliense.com.br\/capital-sa\/wp-content\/uploads\/sites\/59\/2021\/01\/6B596DF9-BC39-4AB7-BB3E-5C571BA387C5.jpeg 620w\" sizes=\"auto, (max-width: 218px) 100vw, 218px\" \/><\/p>\n<blockquote><p>\u201cA fisioterapia no Brasil \u00e9 refer\u00eancia para o mundo. Ent\u00e3o, temos muita credibilidade, pois os pr\u00f3prios profissionais da \u00e1rea fazem propaganda do nosso produto\u201d, ressalta.<\/p><\/blockquote>\n<p><b>Parcerias para crescer<\/b><\/p>\n<p>Jo\u00e3o contou com a importante parceria da fisioterapeuta Fernanda Sampaio, colega de UnBque desenvolveu o projeto tamb\u00e9m com outros alunos.<\/p>\n<p>A Elastic foi incubada dentro do Instituto TIM pelaAcademic Working Capital (AWC). A startup deu t\u00e3o certo que conseguiu contrato importante com o Cebraspe, de dois anos. O suporte da UnB tamb\u00e9m foi essencial para que o projeto acad\u00eamico virasse uma realidade aplicada na pr\u00e1tica.<br \/>\nMesmo com a pandemia, que provocou o fechamento de muitas cl\u00ednicas de fisioterapia, a Elastic conseguiu um crescimento de 30% em 2020.<\/p>\n","protected":false},"excerpt":{"rendered":"<p>A E-lastic \u00e9 uma empresa jovem de Bras\u00edlia, liderada por um ex-aluno da UnB, que est\u00e1 ganhando o mundo. Ela nasceu a partir de um trabalho de conclus\u00e3o de curso (TCC) h\u00e1 5 anos. A startup vende para fisioterapeutas e cl\u00ednicas de reabilita\u00e7\u00e3o f\u00edsica uma solu\u00e7\u00e3o tecnol\u00f3gica que avalia os ganhos de for\u00e7a e resultados dos pacientes. A partir de [&hellip;]<\/p>\n","protected":false},"author":125,"featured_media":1622,"comment_status":"open","ping_status":"open","sticky":false,"template":"","format":"standard","meta":{"footnotes":""},"categories":[1],"tags":[],"class_list":["post-1612","post","type-post","status-publish","format-standard","has-post-thumbnail","hentry","category-sem-categoria"],"_links":{"self":[{"href":"https:\/\/blogs.correiobraziliense.com.br\/capital-sa\/wp-json\/wp\/v2\/posts\/1612","targetHints":{"allow":["GET"]}}],"collection":[{"href":"https:\/\/blogs.correiobraziliense.com.br\/capital-sa\/wp-json\/wp\/v2\/posts"}],"about":[{"href":"https:\/\/blogs.correiobraziliense.com.br\/capital-sa\/wp-json\/wp\/v2\/types\/post"}],"author":[{"embeddable":true,"href":"https:\/\/blogs.correiobraziliense.com.br\/capital-sa\/wp-json\/wp\/v2\/users\/125"}],"replies":[{"embeddable":true,"href":"https:\/\/blogs.correiobraziliense.com.br\/capital-sa\/wp-json\/wp\/v2\/comments?post=1612"}],"version-history":[{"count":8,"href":"https:\/\/blogs.correiobraziliense.com.br\/capital-sa\/wp-json\/wp\/v2\/posts\/1612\/revisions"}],"predecessor-version":[{"id":1625,"href":"https:\/\/blogs.correiobraziliense.com.br\/capital-sa\/wp-json\/wp\/v2\/posts\/1612\/revisions\/1625"}],"wp:featuredmedia":[{"embeddable":true,"href":"https:\/\/blogs.correiobraziliense.com.br\/capital-sa\/wp-json\/wp\/v2\/media\/1622"}],"wp:attachment":[{"href":"https:\/\/blogs.correiobraziliense.com.br\/capital-sa\/wp-json\/wp\/v2\/media?parent=1612"}],"wp:term":[{"taxonomy":"category","embeddable":true,"href":"https:\/\/blogs.correiobraziliense.com.br\/capital-sa\/wp-json\/wp\/v2\/categories?post=1612"},{"taxonomy":"post_tag","embeddable":true,"href":"https:\/\/blogs.correiobraziliense.com.br\/capital-sa\/wp-json\/wp\/v2\/tags?post=1612"}],"curies":[{"name":"wp","href":"https:\/\/api.w.org\/{rel}","templated":true}]}}