{"id":16111,"date":"2024-05-14T19:37:33","date_gmt":"2024-05-14T22:37:33","guid":{"rendered":"https:\/\/blogs.correiobraziliense.com.br\/capital-sa\/?p=16111"},"modified":"2024-05-14T21:23:54","modified_gmt":"2024-05-15T00:23:54","slug":"brasilia-em-destaque-no-ecossistema-de-inovacao","status":"publish","type":"post","link":"https:\/\/blogs.correiobraziliense.com.br\/capital-sa\/2024\/05\/14\/brasilia-em-destaque-no-ecossistema-de-inovacao\/","title":{"rendered":"Bras\u00edlia em destaque no ecossistema de inova\u00e7\u00e3o"},"content":{"rendered":"<p class=\"p1\"><strong>Por Samanta Sallum\u00a0<\/strong><\/p>\n<p class=\"p1\"><span class=\"s1\">A capital federal est\u00e1 representada por Alex Alberto Cordon Kunze, CEO da Brintell, no grupo de pesquisadores e empres\u00e1rios brasileiros que participam de imers\u00e3o organizada pela Confedera\u00e7\u00e3o Nacional da Ind\u00fastria (CNI) e pelo Sebrae no Par\u00e1, nesta semana. Ele foi vencedor do Pr\u00eamio Nacional de Inova\u00e7\u00e3o (PNI) na categoria <\/span><span class=\"s2\">Pequenos Neg\u00f3cios &#8211; Gest\u00e3o<\/span><span class=\"s1\">. Est\u00e1 em Bel\u00e9m com uma comitiva de 40 pessoas do ecossistema de inova\u00e7\u00e3o de todo o pa\u00eds para conhecer o potencial econ\u00f4mico e tecnol\u00f3gico da regi\u00e3o.<br \/>\n<\/span><\/p>\n<p class=\"p1\"><span class=\"s1\">A Brintell, empresa de tecnologia fundada em 2016 e com sede em Bras\u00edlia, colocou o DF na seleta lista do principal pr\u00eamio de inova\u00e7\u00e3o do pa\u00eds, cujos vencedores foram anunciados, em setembro do ano passado.<\/span><\/p>\n<p class=\"p1\"><span class=\"s1\">Representantes da CNI e do Sebrae e a ministra Luciana Santos da Ci\u00eancia e Tecnologia entregaram o pr\u00eamio (foto).<\/span><\/p>\n<p class=\"p1\"><strong><span class=\"s1\">A\u00e7a\u00ed Valley <\/span><\/strong><\/p>\n<p class=\"p1\"><span class=\"s1\">Fazem parte do roteiro\u00a0<\/span>o Ecoparque Natura e o Instituto SENAI de Inova\u00e7\u00e3o (ISI) em Tecnologias Minerais. Tamb\u00e9m est\u00e3o na programa\u00e7\u00e3o a Companha T\u00eaxtil de Castanhal e A\u00e7a\u00ed Valley e do Polo Sebrae de Bioeconomia.<\/p>\n<p class=\"p1\"><span class=\"s1\">Pela import\u00e2ncia na bioeconomia,<span class=\"Apple-converted-space\">\u00a0o\u00a0<\/span>Par\u00e1 foi escolhido pela ONU para ser sede da<span class=\"Apple-converted-space\">\u00a0<\/span>Confer\u00eancia das Partes sobre Mudan\u00e7as Clim\u00e1ticas (COP30), em 2025.<\/span><\/p>\n<p>&nbsp;<\/p>\n","protected":false},"excerpt":{"rendered":"<p>Por Samanta Sallum\u00a0 A capital federal est\u00e1 representada por Alex Alberto Cordon Kunze, CEO da Brintell, no grupo de pesquisadores e empres\u00e1rios brasileiros que participam de imers\u00e3o organizada pela Confedera\u00e7\u00e3o Nacional da Ind\u00fastria (CNI) e pelo Sebrae no Par\u00e1, nesta semana. Ele foi vencedor do Pr\u00eamio Nacional de Inova\u00e7\u00e3o (PNI) na categoria Pequenos Neg\u00f3cios &#8211; Gest\u00e3o. Est\u00e1 em Bel\u00e9m com [&hellip;]<\/p>\n","protected":false},"author":125,"featured_media":16115,"comment_status":"open","ping_status":"open","sticky":false,"template":"","format":"standard","meta":{"footnotes":""},"categories":[6],"tags":[351,2233,2232,64],"class_list":["post-16111","post","type-post","status-publish","format-standard","has-post-thumbnail","hentry","category-coluna-capital-s-a","tag-inovacao","tag-pni","tag-sebrai","tag-cni"],"_links":{"self":[{"href":"https:\/\/blogs.correiobraziliense.com.br\/capital-sa\/wp-json\/wp\/v2\/posts\/16111","targetHints":{"allow":["GET"]}}],"collection":[{"href":"https:\/\/blogs.correiobraziliense.com.br\/capital-sa\/wp-json\/wp\/v2\/posts"}],"about":[{"href":"https:\/\/blogs.correiobraziliense.com.br\/capital-sa\/wp-json\/wp\/v2\/types\/post"}],"author":[{"embeddable":true,"href":"https:\/\/blogs.correiobraziliense.com.br\/capital-sa\/wp-json\/wp\/v2\/users\/125"}],"replies":[{"embeddable":true,"href":"https:\/\/blogs.correiobraziliense.com.br\/capital-sa\/wp-json\/wp\/v2\/comments?post=16111"}],"version-history":[{"count":6,"href":"https:\/\/blogs.correiobraziliense.com.br\/capital-sa\/wp-json\/wp\/v2\/posts\/16111\/revisions"}],"predecessor-version":[{"id":16128,"href":"https:\/\/blogs.correiobraziliense.com.br\/capital-sa\/wp-json\/wp\/v2\/posts\/16111\/revisions\/16128"}],"wp:featuredmedia":[{"embeddable":true,"href":"https:\/\/blogs.correiobraziliense.com.br\/capital-sa\/wp-json\/wp\/v2\/media\/16115"}],"wp:attachment":[{"href":"https:\/\/blogs.correiobraziliense.com.br\/capital-sa\/wp-json\/wp\/v2\/media?parent=16111"}],"wp:term":[{"taxonomy":"category","embeddable":true,"href":"https:\/\/blogs.correiobraziliense.com.br\/capital-sa\/wp-json\/wp\/v2\/categories?post=16111"},{"taxonomy":"post_tag","embeddable":true,"href":"https:\/\/blogs.correiobraziliense.com.br\/capital-sa\/wp-json\/wp\/v2\/tags?post=16111"}],"curies":[{"name":"wp","href":"https:\/\/api.w.org\/{rel}","templated":true}]}}