{"id":16106,"date":"2024-05-14T19:25:32","date_gmt":"2024-05-14T22:25:32","guid":{"rendered":"https:\/\/blogs.correiobraziliense.com.br\/capital-sa\/?p=16106"},"modified":"2024-05-14T21:21:05","modified_gmt":"2024-05-15T00:21:05","slug":"apoio-da-abdi-ao-brasil-mais-produtivo","status":"publish","type":"post","link":"https:\/\/blogs.correiobraziliense.com.br\/capital-sa\/2024\/05\/14\/apoio-da-abdi-ao-brasil-mais-produtivo\/","title":{"rendered":"Apoio da ABDI ao Brasil Mais Produtivo"},"content":{"rendered":"<p><strong>Por Samanta Sallum\u00a0<\/strong><\/p>\n<p class=\"p1\"><span class=\"s1\">A Federa\u00e7\u00e3o das Ind\u00fastrias do Distrito Federal (Fibra) apresentou a nova fase<span class=\"Apple-converted-space\">\u00a0<\/span>do programa <em>Brasil Mais Produtivo<\/em> a micro, pequenos e m\u00e9dios empres\u00e1rios. Respons\u00e1vel pelo apoio t\u00e9cnico e operacional ao programa, a Ag\u00eancia Brasileira do Desenvolvimento Industrial (ABDI) foi representada na cerim\u00f4nia pelo presidente Ricardo Cappelli e pela gerente da Unidade de Transforma\u00e7\u00e3o Digital (UTD) da Ag\u00eancia, Adryelle Pedrosa.<br \/>\n<\/span><\/p>\n<p class=\"p1\"><span class=\"s1\">\u201cEu tenho certeza de que o setor vai crescer mais ainda este ano do que no ano passado com a uni\u00e3o do governo federal, do Sebrae e do Senai. Vamos apoiar 200 mil micro, pequenos e m\u00e9dios empres\u00e1rios a gerar mais emprego e desenvolvimento\u201d, destacou Cappelli.<\/span><\/p>\n<p class=\"p1\"><strong><span class=\"s1\">Oportunidades para jovens <\/span><\/strong><\/p>\n<p class=\"p1\"><span class=\"s1\">A expectativa do impacto positivo especialmente para o Distrito Federal foi manifestada pelo presidente da Fibra, Jamal Bittar. Ele destacou a import\u00e2ncia de envolver os jovens nas oportunidades oferecidas pelo programa. \u201cN\u00f3s precisamos discutir a ind\u00fastria aqui de forma a, quando voc\u00ea perguntar para um jovem o que ele quer fazer no futuro, ele falar: eu quero trabalhar na ind\u00fastria\u201d, apostou.<\/span><\/p>\n<p class=\"p1\"><span class=\"s1\">Tamb\u00e9m participaram da solenidade na Fibra, a diretora superintendente do Sebrae no DF, Rose Rainha, o diretor regional do Senai no DF, Marco Secco, e o superintendente de Inova\u00e7\u00e3o e Tecnologia do Sebrae Nacional, Roberto Medeiros.<\/span><\/p>\n","protected":false},"excerpt":{"rendered":"<p>Por Samanta Sallum\u00a0 A Federa\u00e7\u00e3o das Ind\u00fastrias do Distrito Federal (Fibra) apresentou a nova fase\u00a0do programa Brasil Mais Produtivo a micro, pequenos e m\u00e9dios empres\u00e1rios. Respons\u00e1vel pelo apoio t\u00e9cnico e operacional ao programa, a Ag\u00eancia Brasileira do Desenvolvimento Industrial (ABDI) foi representada na cerim\u00f4nia pelo presidente Ricardo Cappelli e pela gerente da Unidade de Transforma\u00e7\u00e3o Digital (UTD) da Ag\u00eancia, Adryelle [&hellip;]<\/p>\n","protected":false},"author":125,"featured_media":16109,"comment_status":"open","ping_status":"open","sticky":false,"template":"","format":"standard","meta":{"footnotes":""},"categories":[6],"tags":[2230,408,962,337,71,60,2231],"class_list":["post-16106","post","type-post","status-publish","format-standard","has-post-thumbnail","hentry","category-coluna-capital-s-a","tag-abdi","tag-crescimento","tag-desenvolvimento","tag-senai","tag-fibra","tag-industria","tag-ooportunidades"],"_links":{"self":[{"href":"https:\/\/blogs.correiobraziliense.com.br\/capital-sa\/wp-json\/wp\/v2\/posts\/16106","targetHints":{"allow":["GET"]}}],"collection":[{"href":"https:\/\/blogs.correiobraziliense.com.br\/capital-sa\/wp-json\/wp\/v2\/posts"}],"about":[{"href":"https:\/\/blogs.correiobraziliense.com.br\/capital-sa\/wp-json\/wp\/v2\/types\/post"}],"author":[{"embeddable":true,"href":"https:\/\/blogs.correiobraziliense.com.br\/capital-sa\/wp-json\/wp\/v2\/users\/125"}],"replies":[{"embeddable":true,"href":"https:\/\/blogs.correiobraziliense.com.br\/capital-sa\/wp-json\/wp\/v2\/comments?post=16106"}],"version-history":[{"count":5,"href":"https:\/\/blogs.correiobraziliense.com.br\/capital-sa\/wp-json\/wp\/v2\/posts\/16106\/revisions"}],"predecessor-version":[{"id":16126,"href":"https:\/\/blogs.correiobraziliense.com.br\/capital-sa\/wp-json\/wp\/v2\/posts\/16106\/revisions\/16126"}],"wp:featuredmedia":[{"embeddable":true,"href":"https:\/\/blogs.correiobraziliense.com.br\/capital-sa\/wp-json\/wp\/v2\/media\/16109"}],"wp:attachment":[{"href":"https:\/\/blogs.correiobraziliense.com.br\/capital-sa\/wp-json\/wp\/v2\/media?parent=16106"}],"wp:term":[{"taxonomy":"category","embeddable":true,"href":"https:\/\/blogs.correiobraziliense.com.br\/capital-sa\/wp-json\/wp\/v2\/categories?post=16106"},{"taxonomy":"post_tag","embeddable":true,"href":"https:\/\/blogs.correiobraziliense.com.br\/capital-sa\/wp-json\/wp\/v2\/tags?post=16106"}],"curies":[{"name":"wp","href":"https:\/\/api.w.org\/{rel}","templated":true}]}}