{"id":16100,"date":"2024-05-14T19:16:20","date_gmt":"2024-05-14T22:16:20","guid":{"rendered":"https:\/\/blogs.correiobraziliense.com.br\/capital-sa\/?p=16100"},"modified":"2024-05-14T21:04:01","modified_gmt":"2024-05-15T00:04:01","slug":"setor-do-comercio-e-de-servicos-pede-ajustes-na-regulamentacao-da-reforma-tributaria","status":"publish","type":"post","link":"https:\/\/blogs.correiobraziliense.com.br\/capital-sa\/2024\/05\/14\/setor-do-comercio-e-de-servicos-pede-ajustes-na-regulamentacao-da-reforma-tributaria\/","title":{"rendered":"Setor do com\u00e9rcio e de servi\u00e7os pede ajustes na regulamenta\u00e7\u00e3o da reforma tribut\u00e1ria"},"content":{"rendered":"<p class=\"p1\"><strong>Por Samanta Sallum\u00a0<\/strong><\/p>\n<p class=\"p1\"><span class=\"s1\">A Confedera\u00e7\u00e3o Nacional do Com\u00e9rcio de Bens, Servi\u00e7os e Turismo (CNC) elaborou um documento que sintetiza o Projeto de Lei Complementar n\u00ba 68\/2024, que regulamenta a Reforma Tribut\u00e1ria. Nele identifica\u00a0<\/span>os pontos que precisam de \u201cajustes para evitar preju\u00edzos e retrocessos ao setor terci\u00e1rio\u201d. A CNC afirmou que reconhece a import\u00e2ncia do PL que ser\u00e1 agora discutido pelo Congresso Nacional \u201ccomo um passo significativo para a moderniza\u00e7\u00e3o e simplifica\u00e7\u00e3o do sistema tribut\u00e1rio brasileiro. No entanto, alguns artigos demandam aten\u00e7\u00e3o\u201d. Entre eles:<\/p>\n<ul class=\"ul1\">\n<li class=\"li1\"><span class=\"s1\">Creditamento condicionado ao \u201cefetivo pagamento\u201d:\u00a0o artigo 28, \u00a7 2\u00ba, suscita preocupa\u00e7\u00f5es quanto \u00e0 transfer\u00eancia de responsabilidades do estado para o empres\u00e1rio, podendo ferir o princ\u00edpio da n\u00e3o cumulatividade.<\/span><\/li>\n<\/ul>\n<ul class=\"ul1\">\n<li class=\"li1\"><span class=\"s1\">Valor de refer\u00eancia nas opera\u00e7\u00f5es imobili\u00e1rias:\u00a0a ado\u00e7\u00e3o do valor de refer\u00eancia como base de c\u00e1lculo das opera\u00e7\u00f5es de aliena\u00e7\u00e3o, conforme o artigo 239, I, pode gerar distor\u00e7\u00f5es no mercado imobili\u00e1rio.<\/span><\/li>\n<\/ul>\n<ul class=\"ul1\">\n<li class=\"li1\"><span class=\"s1\">Regimes de hot\u00e9is e parques:\u00a0restri\u00e7\u00f5es ao fornecimento de cr\u00e9dito por empresas inseridas em regime n\u00e3o cumulativo, como hot\u00e9is e parques, conforme o artigo 272, merecem revis\u00e3o para garantir a justi\u00e7a fiscal.<\/span><\/li>\n<\/ul>\n<p class=\"p1\"><strong><span class=\"s1\">Pontos positivos\u00a0<\/span><\/strong><\/p>\n<p class=\"p1\"><span class=\"s1\">Entre os aspectos positivos, a CNC aponta:<\/span><\/p>\n<ul class=\"ul1\">\n<li class=\"li1\"><span class=\"s1\">A Nota Fiscal Eletr\u00f4nica padr\u00e3o nacional:\u00a0a proposta de implementar uma Nota Fiscal Eletr\u00f4nica padronizada em todo o Pa\u00eds, conforme o artigo 56, \u00a71\u00ba, \u00e9 uma medida que a CNC apoia como forma de simplificar e agilizar os processos fiscais.<\/span><\/li>\n<\/ul>\n<ul class=\"ul1\">\n<li class=\"li1\"><span class=\"s1\">A Unifica\u00e7\u00e3o das leis tribut\u00e1rias:\u00a0a unifica\u00e7\u00e3o das leis do ICMS, ISS, PIS e Cofins em uma legisla\u00e7\u00e3o \u00fanica, conforme previsto no PL, \u00e9 um avan\u00e7o importante na dire\u00e7\u00e3o da simplifica\u00e7\u00e3o e redu\u00e7\u00e3o da burocracia tribut\u00e1ria.<\/span><\/li>\n<\/ul>\n<ul class=\"ul1\">\n<li class=\"li1\"><span class=\"s1\">A Tabela de medicamentos:\u00a0a possibilidade de inclus\u00e3o de novos medicamentos na listagem de redu\u00e7\u00f5es anualmente, conforme o artigo 122, \u00a7 3\u00ba, \u00e9 uma medida relevante para garantir o acesso da popula\u00e7\u00e3o a tratamentos essenciais.<\/span><\/li>\n<\/ul>\n","protected":false},"excerpt":{"rendered":"<p>Por Samanta Sallum\u00a0 A Confedera\u00e7\u00e3o Nacional do Com\u00e9rcio de Bens, Servi\u00e7os e Turismo (CNC) elaborou um documento que sintetiza o Projeto de Lei Complementar n\u00ba 68\/2024, que regulamenta a Reforma Tribut\u00e1ria. Nele identifica\u00a0os pontos que precisam de \u201cajustes para evitar preju\u00edzos e retrocessos ao setor terci\u00e1rio\u201d. A CNC afirmou que reconhece a import\u00e2ncia do PL que ser\u00e1 agora discutido pelo [&hellip;]<\/p>\n","protected":false},"author":125,"featured_media":0,"comment_status":"open","ping_status":"open","sticky":false,"template":"","format":"standard","meta":{"footnotes":""},"categories":[6],"tags":[2227,275,408,629,2228],"class_list":["post-16100","post","type-post","status-publish","format-standard","hentry","category-coluna-capital-s-a","tag-ajustes","tag-cnc","tag-crescimento","tag-reformatributaria","tag-unificacao"],"_links":{"self":[{"href":"https:\/\/blogs.correiobraziliense.com.br\/capital-sa\/wp-json\/wp\/v2\/posts\/16100","targetHints":{"allow":["GET"]}}],"collection":[{"href":"https:\/\/blogs.correiobraziliense.com.br\/capital-sa\/wp-json\/wp\/v2\/posts"}],"about":[{"href":"https:\/\/blogs.correiobraziliense.com.br\/capital-sa\/wp-json\/wp\/v2\/types\/post"}],"author":[{"embeddable":true,"href":"https:\/\/blogs.correiobraziliense.com.br\/capital-sa\/wp-json\/wp\/v2\/users\/125"}],"replies":[{"embeddable":true,"href":"https:\/\/blogs.correiobraziliense.com.br\/capital-sa\/wp-json\/wp\/v2\/comments?post=16100"}],"version-history":[{"count":4,"href":"https:\/\/blogs.correiobraziliense.com.br\/capital-sa\/wp-json\/wp\/v2\/posts\/16100\/revisions"}],"predecessor-version":[{"id":16122,"href":"https:\/\/blogs.correiobraziliense.com.br\/capital-sa\/wp-json\/wp\/v2\/posts\/16100\/revisions\/16122"}],"wp:attachment":[{"href":"https:\/\/blogs.correiobraziliense.com.br\/capital-sa\/wp-json\/wp\/v2\/media?parent=16100"}],"wp:term":[{"taxonomy":"category","embeddable":true,"href":"https:\/\/blogs.correiobraziliense.com.br\/capital-sa\/wp-json\/wp\/v2\/categories?post=16100"},{"taxonomy":"post_tag","embeddable":true,"href":"https:\/\/blogs.correiobraziliense.com.br\/capital-sa\/wp-json\/wp\/v2\/tags?post=16100"}],"curies":[{"name":"wp","href":"https:\/\/api.w.org\/{rel}","templated":true}]}}