{"id":161,"date":"2020-10-14T08:48:07","date_gmt":"2020-10-14T11:48:07","guid":{"rendered":"https:\/\/blogs.correiobraziliense.com.br\/capital-sa\/?p=161"},"modified":"2020-10-14T08:48:07","modified_gmt":"2020-10-14T11:48:07","slug":"lideres-mulheres-aumentam-a-chance-de-sucesso-financeiro","status":"publish","type":"post","link":"https:\/\/blogs.correiobraziliense.com.br\/capital-sa\/2020\/10\/14\/lideres-mulheres-aumentam-a-chance-de-sucesso-financeiro\/","title":{"rendered":"L\u00edderes mulheres aumentam a chance de sucesso financeiro"},"content":{"rendered":"<p><strong>&#8220;S\u00f3 evite fazer algo hoje se voc\u00ea quiser morrer e deixar assuntos inacabados&#8221;<\/strong><br \/>\n<strong>Pablo Picasso, pintor espanhol <\/strong><\/p>\n<p>Pesquisa da consultoria McKinsey mostra a import\u00e2ncia da participa\u00e7\u00e3o feminina para as organiza\u00e7\u00f5es. As empresas com l\u00edderes mulheres t\u00eam 21% mais chances de sucesso financeiro. Para debater o tema, a Confedera\u00e7\u00e3o Nacional da Ind\u00fastria (CNI) realiza nesta quarta-feira (14\/10) a live &#8220;Mulheres, empreendedorismo e inova\u00e7\u00e3o&#8221;, com participa\u00e7\u00e3o de quatro executivas que se destacam no cen\u00e1rio da ci\u00eancia, tecnologia e inova\u00e7\u00e3o.<\/p>\n<p>No Brasil, um n\u00famero chama a aten\u00e7\u00e3o: 72% dos artigos cient\u00edficos s\u00e3o publicados por mulheres. No entanto, o pa\u00eds e o mundo ainda precisam evoluir na igualdade entre os g\u00eaneros no mercado de trabalho. Mesmo quando as mulheres t\u00eam melhor educa\u00e7\u00e3o, os homens apresentam maiores n\u00edveis de empregabilidade e recebem sal\u00e1rios mais altos.<\/p>\n<p>O bate-papo, que faz parte da s\u00e9rie de lives da Mobiliza\u00e7\u00e3o Empresarial pela Inova\u00e7\u00e3o (MEI), ter\u00e1 as participa\u00e7\u00f5es da CEO da SAP Brasil, Adriana Aroulho; da coordenadora de Projetos de Empreendedorismo Feminino do Sebrae, Renata Malheiros; e da diretora-geral para Am\u00e9ricas e Caribe da ONU Mulheres, Maria Noel Vaeza.<\/p>\n<p>A modera\u00e7\u00e3o ficar\u00e1 a cargo da diretora de Inova\u00e7\u00e3o da CNI, Gianna Sagazio. A live ser\u00e1 transmitida \u00e0s 11h pelos perfis do YouTube, Instagram e Facebook da CNI.<\/p>\n<h3>\nSobre o pol\u00eamico decreto do GDF que fecha a W3 aos domingos e feriados para \u00e1rea de lazer, impedindo o tr\u00e2nsito de carros<\/h3>\n<blockquote>\n<figure id=\"attachment_163\" aria-describedby=\"caption-attachment-163\" style=\"width: 300px\" class=\"wp-caption alignleft\"><a href=\"https:\/\/blogs.correiobraziliense.com.br\/capital-sa\/wp-content\/uploads\/sites\/59\/2020\/10\/mario.jpg\"><img loading=\"lazy\" decoding=\"async\" class=\"size-medium wp-image-163\" src=\"https:\/\/blogs.correiobraziliense.com.br\/capital-sa\/wp-content\/uploads\/sites\/59\/2020\/10\/mario-300x163.jpg\" alt=\"\" width=\"300\" height=\"163\" srcset=\"https:\/\/blogs.correiobraziliense.com.br\/capital-sa\/wp-content\/uploads\/sites\/59\/2020\/10\/mario-300x163.jpg 300w, https:\/\/blogs.correiobraziliense.com.br\/capital-sa\/wp-content\/uploads\/sites\/59\/2020\/10\/mario-768x416.jpg 768w, https:\/\/blogs.correiobraziliense.com.br\/capital-sa\/wp-content\/uploads\/sites\/59\/2020\/10\/mario-1024x555.jpg 1024w, https:\/\/blogs.correiobraziliense.com.br\/capital-sa\/wp-content\/uploads\/sites\/59\/2020\/10\/mario-550x298.jpg 550w, https:\/\/blogs.correiobraziliense.com.br\/capital-sa\/wp-content\/uploads\/sites\/59\/2020\/10\/mario-230x125.jpg 230w, https:\/\/blogs.correiobraziliense.com.br\/capital-sa\/wp-content\/uploads\/sites\/59\/2020\/10\/mario.jpg 1200w\" sizes=\"auto, (max-width: 300px) 100vw, 300px\" \/><\/a><figcaption id=\"caption-attachment-163\" class=\"wp-caption-text\">Cr\u00e9dito: Ana Rayssa\/Esp.CB\/D.A Press<\/figcaption><\/figure>\n<p>&#8220;N\u00e3o est\u00e1 sobrando emprego. N\u00e3o faz sentido, num momento como este, um decreto transformar rua comercial em \u00e1rea de lazer. H\u00e1 outras boas op\u00e7\u00f5es de lazer para o brasiliense, como o Eix\u00e3o, Parque da Cidade, clubes. Isso est\u00e1 prejudicando mais pessoas do que, na pr\u00e1tica, beneficiando. A W3 precisa ser revitalizada, mas n\u00e3o dessa forma, afugentando os que investem l\u00e1. As vendas ca\u00edram muito, pela dificuldade de acesso. Quem vai pagar essa conta?\u201d<br \/>\nCritica o vice-presidente da Associa\u00e7\u00e3o\u00a0 Brasileira de Supermercados, <strong>M\u00e1rio Habka<\/strong><\/p><\/blockquote>\n<p>&nbsp;<\/p>\n<p>&nbsp;<\/p>\n<blockquote>\n<figure id=\"attachment_164\" aria-describedby=\"caption-attachment-164\" style=\"width: 300px\" class=\"wp-caption alignleft\"><a href=\"https:\/\/blogs.correiobraziliense.com.br\/capital-sa\/wp-content\/uploads\/sites\/59\/2020\/10\/marcio.jpg\"><img loading=\"lazy\" decoding=\"async\" class=\"size-medium wp-image-164\" src=\"https:\/\/blogs.correiobraziliense.com.br\/capital-sa\/wp-content\/uploads\/sites\/59\/2020\/10\/marcio-300x163.jpg\" alt=\"\" width=\"300\" height=\"163\" srcset=\"https:\/\/blogs.correiobraziliense.com.br\/capital-sa\/wp-content\/uploads\/sites\/59\/2020\/10\/marcio-300x163.jpg 300w, https:\/\/blogs.correiobraziliense.com.br\/capital-sa\/wp-content\/uploads\/sites\/59\/2020\/10\/marcio-768x416.jpg 768w, https:\/\/blogs.correiobraziliense.com.br\/capital-sa\/wp-content\/uploads\/sites\/59\/2020\/10\/marcio-1024x555.jpg 1024w, https:\/\/blogs.correiobraziliense.com.br\/capital-sa\/wp-content\/uploads\/sites\/59\/2020\/10\/marcio-550x298.jpg 550w, https:\/\/blogs.correiobraziliense.com.br\/capital-sa\/wp-content\/uploads\/sites\/59\/2020\/10\/marcio-230x125.jpg 230w, https:\/\/blogs.correiobraziliense.com.br\/capital-sa\/wp-content\/uploads\/sites\/59\/2020\/10\/marcio.jpg 1200w\" sizes=\"auto, (max-width: 300px) 100vw, 300px\" \/><\/a><figcaption id=\"caption-attachment-164\" class=\"wp-caption-text\">Cr\u00e9dito: Divulga\u00e7\u00e3o<\/figcaption><\/figure>\n<p>&#8220;Conhe\u00e7o a dor de ser empres\u00e1rio em Bras\u00edlia. E o governador tamb\u00e9m tem essa sensibilidade. N\u00e3o temos na secretaria autonomia para tomar uma decis\u00e3o definitiva sobre o assunto. Mas vamos promover o di\u00e1logo, receber os pleitos do setor e ajudar a construir um consenso&#8221;<\/p>\n<p>Explica o secret\u00e1rio-executivo de Empreendedorismo do GDF, <strong>Marcio Faria J\u00fanior<\/strong>, ex-integrante do Sindivarejista e da C\u00e2mara de Dirigentes Lojistas.<\/p><\/blockquote>\n<p>&nbsp;<\/p>\n<p>&nbsp;<\/p>\n<h3>Em giro<\/h3>\n<p><strong>Nova aposta agr\u00edcola<\/strong><br \/>\nO gr\u00e3o-de-bico no Centro-Oeste do Brasil tem grande potencial econ\u00f4mico. A leguminosa \u00e9 de cultura r\u00fastica e, no Brasil, apresenta baixa incid\u00eancia de pragas e doen\u00e7as. Apesar de ser t\u00edpico de clima temperado, a produ\u00e7\u00e3o na regi\u00e3o est\u00e1 sendo poss\u00edvel gra\u00e7as ao lan\u00e7amento de quatro cultivares desenvolvidas pela Embrapa Hortali\u00e7as para \u00e1reas de clima tropical. Em 2018, foram ocupados cerca de 8 mil hectares e obtidas como resultado 12 mil toneladas.<\/p>\n<p><strong>Muita prote\u00edna<\/strong><\/p>\n<figure id=\"attachment_165\" aria-describedby=\"caption-attachment-165\" style=\"width: 1024px\" class=\"wp-caption aligncenter\"><a href=\"https:\/\/blogs.correiobraziliense.com.br\/capital-sa\/wp-content\/uploads\/sites\/59\/2020\/10\/batata.jpg\"><img loading=\"lazy\" decoding=\"async\" class=\"size-large wp-image-165\" src=\"https:\/\/blogs.correiobraziliense.com.br\/capital-sa\/wp-content\/uploads\/sites\/59\/2020\/10\/batata-1024x555.jpg\" alt=\"\" width=\"1024\" height=\"555\" srcset=\"https:\/\/blogs.correiobraziliense.com.br\/capital-sa\/wp-content\/uploads\/sites\/59\/2020\/10\/batata-1024x555.jpg 1024w, https:\/\/blogs.correiobraziliense.com.br\/capital-sa\/wp-content\/uploads\/sites\/59\/2020\/10\/batata-300x163.jpg 300w, https:\/\/blogs.correiobraziliense.com.br\/capital-sa\/wp-content\/uploads\/sites\/59\/2020\/10\/batata-768x416.jpg 768w, https:\/\/blogs.correiobraziliense.com.br\/capital-sa\/wp-content\/uploads\/sites\/59\/2020\/10\/batata-550x298.jpg 550w, https:\/\/blogs.correiobraziliense.com.br\/capital-sa\/wp-content\/uploads\/sites\/59\/2020\/10\/batata-230x125.jpg 230w, https:\/\/blogs.correiobraziliense.com.br\/capital-sa\/wp-content\/uploads\/sites\/59\/2020\/10\/batata.jpg 1200w\" sizes=\"auto, (max-width: 1024px) 100vw, 1024px\" \/><\/a><figcaption id=\"caption-attachment-165\" class=\"wp-caption-text\">Cr\u00e9dito: Embrapa\/Divulga\u00e7\u00e3o<\/figcaption><\/figure>\n<p>O Brasil deixou de depender de importa\u00e7\u00f5es, al\u00e9m de ter boas perspectivas para comercializar o volume excedente para os mercados asi\u00e1ticos. Outro impacto positivo \u00e9 que a maior oferta de gr\u00e3o-de-bico nacional pode aumentar seu consumo interno, o que traz vantagens nutricionais, pois \u00e9 um alimento de alto valor proteico (em torno de 21,2 gramas por 100 gramas do gr\u00e3o), alta digestibilidade e tem conquistado espa\u00e7o na culin\u00e1ria, especialmente entre adeptos da dieta vegetariana.<\/p>\n<p><strong>Outubro Rosa<\/strong><br \/>\nA solidariedade e a preven\u00e7\u00e3o s\u00e3o grandes aliadas no combate ao c\u00e2ncer. Para estimular o cuidado com a sa\u00fade, o Instituto Sabin, bra\u00e7o social do Grupo Sabin, vai doar 100 mamografias para a Rede Feminina de Combate ao C\u00e2ncer de Mama de Bras\u00edlia, institui\u00e7\u00e3o sem fins lucrativos que presta assist\u00eancia a pacientes vulner\u00e1veis com a doen\u00e7a. A cerim\u00f4nia de entrega dos vouchers \u00e0s pacientes ocorrer\u00e1 na sexta-feira, no Hospital de Base. Em todo o Distrito Federal e na regi\u00e3o do Tri\u00e2ngulo Mineiro, o Instituto Sabin realizar\u00e1 a doa\u00e7\u00e3o de 500 mamografias durante o m\u00eas de outubro.<\/p>\n","protected":false},"excerpt":{"rendered":"<p>Pesquisa da McKinsey mostra a import\u00e2ncia da participa\u00e7\u00e3o feminina para as organiza\u00e7\u00f5es. As empresas com l\u00edderes mulheres t\u00eam 21% mais chances de sucesso<\/p>\n","protected":false},"author":125,"featured_media":162,"comment_status":"open","ping_status":"open","sticky":false,"template":"","format":"standard","meta":{"footnotes":""},"categories":[6],"tags":[64,67,63,65,66,68,69],"class_list":["post-161","post","type-post","status-publish","format-standard","has-post-thumbnail","hentry","category-coluna-capital-s-a","tag-cni","tag-embrapa","tag-mckinsey","tag-mei","tag-outubro-rosa","tag-w3","tag-w3-sul"],"_links":{"self":[{"href":"https:\/\/blogs.correiobraziliense.com.br\/capital-sa\/wp-json\/wp\/v2\/posts\/161","targetHints":{"allow":["GET"]}}],"collection":[{"href":"https:\/\/blogs.correiobraziliense.com.br\/capital-sa\/wp-json\/wp\/v2\/posts"}],"about":[{"href":"https:\/\/blogs.correiobraziliense.com.br\/capital-sa\/wp-json\/wp\/v2\/types\/post"}],"author":[{"embeddable":true,"href":"https:\/\/blogs.correiobraziliense.com.br\/capital-sa\/wp-json\/wp\/v2\/users\/125"}],"replies":[{"embeddable":true,"href":"https:\/\/blogs.correiobraziliense.com.br\/capital-sa\/wp-json\/wp\/v2\/comments?post=161"}],"version-history":[{"count":1,"href":"https:\/\/blogs.correiobraziliense.com.br\/capital-sa\/wp-json\/wp\/v2\/posts\/161\/revisions"}],"predecessor-version":[{"id":166,"href":"https:\/\/blogs.correiobraziliense.com.br\/capital-sa\/wp-json\/wp\/v2\/posts\/161\/revisions\/166"}],"wp:featuredmedia":[{"embeddable":true,"href":"https:\/\/blogs.correiobraziliense.com.br\/capital-sa\/wp-json\/wp\/v2\/media\/162"}],"wp:attachment":[{"href":"https:\/\/blogs.correiobraziliense.com.br\/capital-sa\/wp-json\/wp\/v2\/media?parent=161"}],"wp:term":[{"taxonomy":"category","embeddable":true,"href":"https:\/\/blogs.correiobraziliense.com.br\/capital-sa\/wp-json\/wp\/v2\/categories?post=161"},{"taxonomy":"post_tag","embeddable":true,"href":"https:\/\/blogs.correiobraziliense.com.br\/capital-sa\/wp-json\/wp\/v2\/tags?post=161"}],"curies":[{"name":"wp","href":"https:\/\/api.w.org\/{rel}","templated":true}]}}