{"id":16075,"date":"2024-05-06T20:47:22","date_gmt":"2024-05-06T23:47:22","guid":{"rendered":"https:\/\/blogs.correiobraziliense.com.br\/capital-sa\/?p=16075"},"modified":"2024-05-06T21:48:53","modified_gmt":"2024-05-07T00:48:53","slug":"ibaneis-oferece-ajuda-a-eduardo-leite","status":"publish","type":"post","link":"https:\/\/blogs.correiobraziliense.com.br\/capital-sa\/2024\/05\/06\/ibaneis-oferece-ajuda-a-eduardo-leite\/","title":{"rendered":"Ibaneis oferece ajuda a Eduardo Leite"},"content":{"rendered":"<p><strong>Por Samanta Sallum\u00a0<\/strong><\/p>\n<p class=\"p1\"><span class=\"s1\">O governador do DF, Ibaneis Rocha (MDB), ofereceu ao governador do Rio Grande do Sul, Eduardo Leite (PSDB), apoio operacional e donativos para enfrentar o estado de calamidade p\u00fablica no estado ga\u00facho. \u201cEntrei em contato e manifestei que nossas for\u00e7as de seguran\u00e7a tamb\u00e9m\u00a0<\/span>est\u00e3o prontas para prestar o devido apoio \u00e0 regi\u00e3o. Que Deus proteja todas as fam\u00edlias e que, unidos, possamos superar esse tr\u00e1gico momento\u201d, declarou.<\/p>\n<p class=\"p1\"><span class=\"s1\">O GDF deu in\u00edcio \u00e0s doa\u00e7\u00f5es da campanha Bras\u00edlia pelo Sul, iniciativa que re\u00fane esfor\u00e7os de diferentes pastas do Executivo para ajudar as v\u00edtimas das chuvas no Rio Grande do Sul. A primeira entrega contou com 15 mil copos de \u00e1gua doados pela Caesb e enviados pela FAB.<\/span><\/p>\n<p class=\"p1\"><span class=\"s1\">\u201cCada copo de \u00e1gua que estamos enviando representa a solidariedade dos nossos quase 2.300 empregados\u201d, disse Lu\u00eds Ant\u00f4nio Reis, presidente da Caesb.<\/span><\/p>\n<p class=\"p1\"><strong><span class=\"s1\">Secretaria de Economia <\/span><\/strong><\/p>\n<p class=\"p1\"><span class=\"s1\">A Receita do Distrito Federal, setor da Secretaria de Economia, est\u00e1 levantando mercadorias apreendidas que podem ser direcionadas ao estado ga\u00facho, como roupas, utens\u00edlios, itens de higiene, alimentos e eletr\u00f4nicos, que foram recolhidos pelos \u00f3rg\u00e3os em casos de sonega\u00e7\u00e3o de impostos e, aqueles considerados abandonados, ser\u00e3o destinados \u00e0 doa\u00e7\u00e3o.<\/span><\/p>\n","protected":false},"excerpt":{"rendered":"<p>Por Samanta Sallum\u00a0 O governador do DF, Ibaneis Rocha (MDB), ofereceu ao governador do Rio Grande do Sul, Eduardo Leite (PSDB), apoio operacional e donativos para enfrentar o estado de calamidade p\u00fablica no estado ga\u00facho. \u201cEntrei em contato e manifestei que nossas for\u00e7as de seguran\u00e7a tamb\u00e9m\u00a0est\u00e3o prontas para prestar o devido apoio \u00e0 regi\u00e3o. Que Deus proteja todas as fam\u00edlias [&hellip;]<\/p>\n","protected":false},"author":125,"featured_media":16078,"comment_status":"open","ping_status":"open","sticky":false,"template":"","format":"standard","meta":{"footnotes":""},"categories":[6],"tags":[841,2223,2221,2222,203,2224],"class_list":["post-16075","post","type-post","status-publish","format-standard","has-post-thumbnail","hentry","category-coluna-capital-s-a","tag-apoio","tag-caesb","tag-calamidade","tag-fab","tag-gdf","tag-solidariedade"],"_links":{"self":[{"href":"https:\/\/blogs.correiobraziliense.com.br\/capital-sa\/wp-json\/wp\/v2\/posts\/16075","targetHints":{"allow":["GET"]}}],"collection":[{"href":"https:\/\/blogs.correiobraziliense.com.br\/capital-sa\/wp-json\/wp\/v2\/posts"}],"about":[{"href":"https:\/\/blogs.correiobraziliense.com.br\/capital-sa\/wp-json\/wp\/v2\/types\/post"}],"author":[{"embeddable":true,"href":"https:\/\/blogs.correiobraziliense.com.br\/capital-sa\/wp-json\/wp\/v2\/users\/125"}],"replies":[{"embeddable":true,"href":"https:\/\/blogs.correiobraziliense.com.br\/capital-sa\/wp-json\/wp\/v2\/comments?post=16075"}],"version-history":[{"count":8,"href":"https:\/\/blogs.correiobraziliense.com.br\/capital-sa\/wp-json\/wp\/v2\/posts\/16075\/revisions"}],"predecessor-version":[{"id":16085,"href":"https:\/\/blogs.correiobraziliense.com.br\/capital-sa\/wp-json\/wp\/v2\/posts\/16075\/revisions\/16085"}],"wp:featuredmedia":[{"embeddable":true,"href":"https:\/\/blogs.correiobraziliense.com.br\/capital-sa\/wp-json\/wp\/v2\/media\/16078"}],"wp:attachment":[{"href":"https:\/\/blogs.correiobraziliense.com.br\/capital-sa\/wp-json\/wp\/v2\/media?parent=16075"}],"wp:term":[{"taxonomy":"category","embeddable":true,"href":"https:\/\/blogs.correiobraziliense.com.br\/capital-sa\/wp-json\/wp\/v2\/categories?post=16075"},{"taxonomy":"post_tag","embeddable":true,"href":"https:\/\/blogs.correiobraziliense.com.br\/capital-sa\/wp-json\/wp\/v2\/tags?post=16075"}],"curies":[{"name":"wp","href":"https:\/\/api.w.org\/{rel}","templated":true}]}}