{"id":16049,"date":"2024-05-03T16:10:42","date_gmt":"2024-05-03T19:10:42","guid":{"rendered":"https:\/\/blogs.correiobraziliense.com.br\/capital-sa\/?p=16049"},"modified":"2024-05-03T16:29:52","modified_gmt":"2024-05-03T19:29:52","slug":"setor-imobiliario-na-expectativa-pelo-cheque-moradia-do-gdf","status":"publish","type":"post","link":"https:\/\/blogs.correiobraziliense.com.br\/capital-sa\/2024\/05\/03\/setor-imobiliario-na-expectativa-pelo-cheque-moradia-do-gdf\/","title":{"rendered":"Setor imobili\u00e1rio na expectativa pelo cheque moradia do GDF"},"content":{"rendered":"<p class=\"p1\"><strong>Por Samanta Sallum\u00a0<\/strong><\/p>\n<p class=\"p1\"><span class=\"s1\">O mercado imobili\u00e1rio do DF para o segmento de baixa renda sofre grande concorr\u00eancia do Entorno. Pessoas que trabalham e usam os servi\u00e7os p\u00fablicos da capital federal passaram a morar no Entorno por ser mais barato. Para reduzir essa migra\u00e7\u00e3o e ajudar parte da popula\u00e7\u00e3o a ter a casa pr\u00f3pria, o governador Ibaneis Rocha se comprometeu, em seu plano de governo do segundo mandato, a criar o benef\u00edcio do cheque moradia. O objetivo \u00e9 principalmente ajudar na hora de pagar o sinal exigido pela Caixa Econ\u00f4mica para financiar o im\u00f3vel, mesmo sendo para o p\u00fablico de menor poder aquisitivo.<br \/>\n<\/span><\/p>\n<p class=\"p1\"><span class=\"s1\">\u201cQueremos contribuir nessa pol\u00edtica de democratizar o acesso \u00e0 casa pr\u00f3pria, lan\u00e7ando empreendimentos para todas as classes sociais\u201d, afirmou o presidente da Ademi, Roberto Botelho.<\/span><\/p>\n<p class=\"p1\"><strong><span class=\"s1\">Combate \u00e0 ocupa\u00e7\u00e3o ilegal <\/span><\/strong><\/p>\n<p class=\"p1\"><span class=\"s1\">O avan\u00e7o da ocupa\u00e7\u00e3o ilegal segue como principal preocupa\u00e7\u00e3o do empreendedor do setor, especialmente quando se considera a demanda futura por im\u00f3veis. A AdEmi entende que \u00e9 preciso esfor\u00e7o ainda maior do poder p\u00fablico para coibir empreendimentos irregulares.<br \/>\n<\/span><\/p>\n<p class=\"p1\"><span class=\"s1\">\u201cAl\u00e9m da fiscaliza\u00e7\u00e3o, a solu\u00e7\u00e3o exige o aumento da oferta de terrenos regulares para constru\u00e7\u00e3o e incorpora\u00e7\u00e3o. Com a expectativa de crescimento demogr\u00e1fico do DF para os pr\u00f3ximos anos, de chegarmos a mais de 4 milh\u00f5es de habitantes em 15 anos, avan\u00e7ar nesse campo \u00e9 essencial\u201d, refor\u00e7a Roberto Botelho.<\/span><\/p>\n<p class=\"p1\"><strong><span class=\"s1\">Mercado aquecido <\/span><\/strong><\/p>\n<p class=\"p1\"><span class=\"s1\">O mercado imobili\u00e1rio do Distrito Federal registrou aumento na venda de unidades em fevereiro de 2024. Dados da pesquisa \u00cdndice de Velocidade de Vendas (IVV) mostram o segmento aquecido, com\u00a0<\/span>17,9% mais que o registrado no mesmo m\u00eas em 2023 e 5,2% mais que o realizado em janeiro passado.<\/p>\n<p class=\"p1\">Em fevereiro, o IVV alcan\u00e7ou 4,2%, e o volume de im\u00f3veis ofertados chegou a 7.285 unidades em todo o DF. O ano de 2023 foi fechado com recorde na oferta de im\u00f3veis novos, em todas as regi\u00f5es, e ritmo de venda positivo, com um Valor Geral de Lan\u00e7amentos (VGL) de R$ 4,6 bilh\u00f5es e Valor Geral de Vendas (VGV) de R$ 3,5 bilh\u00f5es.<\/p>\n","protected":false},"excerpt":{"rendered":"<p>Por Samanta Sallum\u00a0 O mercado imobili\u00e1rio do DF para o segmento de baixa renda sofre grande concorr\u00eancia do Entorno. Pessoas que trabalham e usam os servi\u00e7os p\u00fablicos da capital federal passaram a morar no Entorno por ser mais barato. Para reduzir essa migra\u00e7\u00e3o e ajudar parte da popula\u00e7\u00e3o a ter a casa pr\u00f3pria, o governador Ibaneis Rocha se comprometeu, em [&hellip;]<\/p>\n","protected":false},"author":125,"featured_media":16054,"comment_status":"open","ping_status":"open","sticky":false,"template":"","format":"standard","meta":{"footnotes":""},"categories":[6],"tags":[1576,1718,203,2120,1580],"class_list":["post-16049","post","type-post","status-publish","format-standard","has-post-thumbnail","hentry","category-coluna-capital-s-a","tag-ademi","tag-casapropria","tag-gdf","tag-imobiliario","tag-mercado"],"_links":{"self":[{"href":"https:\/\/blogs.correiobraziliense.com.br\/capital-sa\/wp-json\/wp\/v2\/posts\/16049","targetHints":{"allow":["GET"]}}],"collection":[{"href":"https:\/\/blogs.correiobraziliense.com.br\/capital-sa\/wp-json\/wp\/v2\/posts"}],"about":[{"href":"https:\/\/blogs.correiobraziliense.com.br\/capital-sa\/wp-json\/wp\/v2\/types\/post"}],"author":[{"embeddable":true,"href":"https:\/\/blogs.correiobraziliense.com.br\/capital-sa\/wp-json\/wp\/v2\/users\/125"}],"replies":[{"embeddable":true,"href":"https:\/\/blogs.correiobraziliense.com.br\/capital-sa\/wp-json\/wp\/v2\/comments?post=16049"}],"version-history":[{"count":6,"href":"https:\/\/blogs.correiobraziliense.com.br\/capital-sa\/wp-json\/wp\/v2\/posts\/16049\/revisions"}],"predecessor-version":[{"id":16066,"href":"https:\/\/blogs.correiobraziliense.com.br\/capital-sa\/wp-json\/wp\/v2\/posts\/16049\/revisions\/16066"}],"wp:featuredmedia":[{"embeddable":true,"href":"https:\/\/blogs.correiobraziliense.com.br\/capital-sa\/wp-json\/wp\/v2\/media\/16054"}],"wp:attachment":[{"href":"https:\/\/blogs.correiobraziliense.com.br\/capital-sa\/wp-json\/wp\/v2\/media?parent=16049"}],"wp:term":[{"taxonomy":"category","embeddable":true,"href":"https:\/\/blogs.correiobraziliense.com.br\/capital-sa\/wp-json\/wp\/v2\/categories?post=16049"},{"taxonomy":"post_tag","embeddable":true,"href":"https:\/\/blogs.correiobraziliense.com.br\/capital-sa\/wp-json\/wp\/v2\/tags?post=16049"}],"curies":[{"name":"wp","href":"https:\/\/api.w.org\/{rel}","templated":true}]}}