{"id":16042,"date":"2024-05-03T15:45:22","date_gmt":"2024-05-03T18:45:22","guid":{"rendered":"https:\/\/blogs.correiobraziliense.com.br\/capital-sa\/?p=16042"},"modified":"2024-05-03T16:25:44","modified_gmt":"2024-05-03T19:25:44","slug":"faculdade-senac-df-promove-1o-workshop-de-metaverso","status":"publish","type":"post","link":"https:\/\/blogs.correiobraziliense.com.br\/capital-sa\/2024\/05\/03\/faculdade-senac-df-promove-1o-workshop-de-metaverso\/","title":{"rendered":"Faculdade Senac-DF promove 1\u00ba workshop de Metaverso"},"content":{"rendered":"<p class=\"p1\"><strong>Por Samanta Sallum\u00a0<\/strong><\/p>\n<p class=\"p1\"><span class=\"s2\">Evento gratuito ser\u00e1 realizado na ter\u00e7a-feira, \u00e0s 19h, no audit\u00f3rio da Institui\u00e7\u00e3o, na 913 Sul. Inscri\u00e7\u00f5es gratuitas no link <a href=\"https:\/\/bit.ly\/MetaversoSenacDF\"><span class=\"s3\">https:\/\/bit.ly\/MetaversoSenacDF<\/span><\/a> . Durante o evento, ser\u00e1 apresentada a hist\u00f3ria e intera\u00e7\u00f5es do Metaverso, bem como estudo de casos aplicados, desafios e oportunidades desse ecossistema digital. \u201c<\/span><span class=\"s4\">Queremos apresentar solu\u00e7\u00f5es criativas<span class=\"Apple-converted-space\">\u00a0<\/span>capazes de promover, ainda mais, a inova\u00e7\u00e3o e o desenvolvimento tecnol\u00f3gico em nossa capital. Iniciativas essas que j\u00e1 estamos realizando com nossos alunos na Faculdade Senac-DF\u201d,<\/span><span class=\"s2\"> disse o professor Marcio Gon\u00e7alves, um dos coordenadores do MetaLab, laborat\u00f3rio de pesquisa de Metaverso da institui\u00e7\u00e3o.<\/span><\/p>\n<p class=\"p1\"><strong><span class=\"s2\">Experi\u00eancia imersiva <\/span><\/strong><\/p>\n<p class=\"p1\"><span class=\"s2\">O Metaverso \u00e9 um universo virtual baseado em realidade aumentada, que oferece uma experi\u00eancia imersiva. Um mundo em que as pessoas podem interagir, jogar, assistir a shows, trabalhar, negociar e estudar como se estivessem em um mundo real. <\/span><span class=\"s4\">Neste espa\u00e7o, \u00e9 poss\u00edvel criar uma s\u00e9rie de a\u00e7\u00f5es inovadoras, desde um e-commerce com realidade aumentada at\u00e9 exposi\u00e7\u00f5es de arte.<\/span><\/p>\n","protected":false},"excerpt":{"rendered":"<p>Por Samanta Sallum\u00a0 Evento gratuito ser\u00e1 realizado na ter\u00e7a-feira, \u00e0s 19h, no audit\u00f3rio da Institui\u00e7\u00e3o, na 913 Sul. Inscri\u00e7\u00f5es gratuitas no link https:\/\/bit.ly\/MetaversoSenacDF . Durante o evento, ser\u00e1 apresentada a hist\u00f3ria e intera\u00e7\u00f5es do Metaverso, bem como estudo de casos aplicados, desafios e oportunidades desse ecossistema digital. \u201cQueremos apresentar solu\u00e7\u00f5es criativas\u00a0capazes de promover, ainda mais, a inova\u00e7\u00e3o e o desenvolvimento [&hellip;]<\/p>\n","protected":false},"author":125,"featured_media":16046,"comment_status":"open","ping_status":"open","sticky":false,"template":"","format":"standard","meta":{"footnotes":""},"categories":[6],"tags":[2217,2218,2216,2160,33],"class_list":["post-16042","post","type-post","status-publish","format-standard","has-post-thumbnail","hentry","category-coluna-capital-s-a","tag-imersao","tag-metalab","tag-metaverso-imersao","tag-senac-df","tag-tecnologia"],"_links":{"self":[{"href":"https:\/\/blogs.correiobraziliense.com.br\/capital-sa\/wp-json\/wp\/v2\/posts\/16042","targetHints":{"allow":["GET"]}}],"collection":[{"href":"https:\/\/blogs.correiobraziliense.com.br\/capital-sa\/wp-json\/wp\/v2\/posts"}],"about":[{"href":"https:\/\/blogs.correiobraziliense.com.br\/capital-sa\/wp-json\/wp\/v2\/types\/post"}],"author":[{"embeddable":true,"href":"https:\/\/blogs.correiobraziliense.com.br\/capital-sa\/wp-json\/wp\/v2\/users\/125"}],"replies":[{"embeddable":true,"href":"https:\/\/blogs.correiobraziliense.com.br\/capital-sa\/wp-json\/wp\/v2\/comments?post=16042"}],"version-history":[{"count":7,"href":"https:\/\/blogs.correiobraziliense.com.br\/capital-sa\/wp-json\/wp\/v2\/posts\/16042\/revisions"}],"predecessor-version":[{"id":16063,"href":"https:\/\/blogs.correiobraziliense.com.br\/capital-sa\/wp-json\/wp\/v2\/posts\/16042\/revisions\/16063"}],"wp:featuredmedia":[{"embeddable":true,"href":"https:\/\/blogs.correiobraziliense.com.br\/capital-sa\/wp-json\/wp\/v2\/media\/16046"}],"wp:attachment":[{"href":"https:\/\/blogs.correiobraziliense.com.br\/capital-sa\/wp-json\/wp\/v2\/media?parent=16042"}],"wp:term":[{"taxonomy":"category","embeddable":true,"href":"https:\/\/blogs.correiobraziliense.com.br\/capital-sa\/wp-json\/wp\/v2\/categories?post=16042"},{"taxonomy":"post_tag","embeddable":true,"href":"https:\/\/blogs.correiobraziliense.com.br\/capital-sa\/wp-json\/wp\/v2\/tags?post=16042"}],"curies":[{"name":"wp","href":"https:\/\/api.w.org\/{rel}","templated":true}]}}