{"id":16018,"date":"2024-04-29T17:15:32","date_gmt":"2024-04-29T20:15:32","guid":{"rendered":"https:\/\/blogs.correiobraziliense.com.br\/capital-sa\/?p=16018"},"modified":"2024-04-29T23:07:21","modified_gmt":"2024-04-30T02:07:21","slug":"ibaneis-se-reune-com-setor-de-tecnologia-e-informacao","status":"publish","type":"post","link":"https:\/\/blogs.correiobraziliense.com.br\/capital-sa\/2024\/04\/29\/ibaneis-se-reune-com-setor-de-tecnologia-e-informacao\/","title":{"rendered":"Ibaneis se re\u00fane com setor de Tecnologia e Informa\u00e7\u00e3o"},"content":{"rendered":"<p class=\"p1\"><strong>Por Samanta Sallum\u00a0<\/strong><\/p>\n<p class=\"p1\"><span class=\"s1\">Em um evento que contou com a presen\u00e7a do governador do Distrito Federal, Ibaneis Rocha, e da presidente da Frente Parlamentar de TI da C\u00e2mara Legislativa do DF, Doutora Jane (MDB), lideran\u00e7as do setor de Tecnologia da Informa\u00e7\u00e3o discutiram as potencialidades de crescimento e inova\u00e7\u00e3o para a<span class=\"Apple-converted-space\">\u00a0<\/span>capital federal. O presidente do Sindesei-DF, Marco Tulio Chaparro, comentou: \u201cO encontro foi<span class=\"Apple-converted-space\">\u00a0<\/span>um marco importante para a intera\u00e7\u00e3o entre governo e setor produtivo. \u00c9 essencial estabelecer parcerias que impulsionem n\u00e3o apenas o setor de TI, mas toda a economia local.\u201d<span class=\"Apple-converted-space\"><br \/>\n<\/span><\/span><\/p>\n<p class=\"p1\"><span class=\"s1\">O evento foi promovido pela deputada Doutora Jane (MDB), na sede do Instituto Global ESG. \u201cNosso governo busca escutar o setor produtivo sempre. Quero deixar bem claro que as reivindica\u00e7\u00f5es que chegarem atrav\u00e9s da deputada Jane, que \u00e9 nossa porta-voz neste momento, ser\u00e3o plenamente atendidas pelo nosso governo. Vamos trabalhar com apoio da deputada no Legislativo. Vamos avan\u00e7ar muito nessas pautas\u201d, destacou o governador.<\/span><\/p>\n<p class=\"p1\"><strong><span class=\"s1\">Sistema distrital de inova\u00e7\u00e3o <\/span><\/strong><\/p>\n<p class=\"p1\"><span class=\"s1\">\u201cA ci\u00eancia e a tecnologia s\u00e3o bandeiras estrat\u00e9gicas e centrais no meu mandato. Minha identidade com essa \u00e1rea se fortaleceu quando fui procuradora jur\u00eddica da FAP-DF. Tenho certeza de\u00a0<\/span>que, com o apoio do Executivo, a gente pode, efetivamente, transformar a matriz econ\u00f4mica do DF\u201d, afirmou a deputada.\u00a0 A distrital \u00e9 autora da Lei 7.471, que institui o Sistema Distrital de Ambientes de Inova\u00e7\u00e3o no Distrito Federal.<\/p>\n<p class=\"p1\"><span class=\"s1\">Foi realizada hoje uma audi\u00eancia p\u00fablica para discutir Pol\u00edticas de Financiamento e Fomento da Ci\u00eancia, Tecnologia e Inova\u00e7\u00e3o, na C\u00e2mara Legislativa do DF. \u00a0\u00c0 frente da entidade nacional do setor, a Assespro,\u00a0<\/span>Christian Tadeu, destacou: \u201cA sinergia entre o setor p\u00fablico e o privado \u00e9 crucial para o avan\u00e7o tecnol\u00f3gico e desenvolvimento econ\u00f4mico do Distrito Federal. Por meio de iniciativas como esta, podemos garantir um ambiente mais inovador e competitivo.\u201d<\/p>\n","protected":false},"excerpt":{"rendered":"<p>Por Samanta Sallum\u00a0 Em um evento que contou com a presen\u00e7a do governador do Distrito Federal, Ibaneis Rocha, e da presidente da Frente Parlamentar de TI da C\u00e2mara Legislativa do DF, Doutora Jane (MDB), lideran\u00e7as do setor de Tecnologia da Informa\u00e7\u00e3o discutiram as potencialidades de crescimento e inova\u00e7\u00e3o para a\u00a0capital federal. O presidente do Sindesei-DF, Marco Tulio Chaparro, comentou: \u201cO [&hellip;]<\/p>\n","protected":false},"author":125,"featured_media":16021,"comment_status":"open","ping_status":"open","sticky":false,"template":"","format":"standard","meta":{"footnotes":""},"categories":[6],"tags":[2212,642,756,2211,618],"class_list":["post-16018","post","type-post","status-publish","format-standard","has-post-thumbnail","hentry","category-coluna-capital-s-a","tag-assespro","tag-ibaneisrocha","tag-parceria","tag-sindesei","tag-ti"],"_links":{"self":[{"href":"https:\/\/blogs.correiobraziliense.com.br\/capital-sa\/wp-json\/wp\/v2\/posts\/16018","targetHints":{"allow":["GET"]}}],"collection":[{"href":"https:\/\/blogs.correiobraziliense.com.br\/capital-sa\/wp-json\/wp\/v2\/posts"}],"about":[{"href":"https:\/\/blogs.correiobraziliense.com.br\/capital-sa\/wp-json\/wp\/v2\/types\/post"}],"author":[{"embeddable":true,"href":"https:\/\/blogs.correiobraziliense.com.br\/capital-sa\/wp-json\/wp\/v2\/users\/125"}],"replies":[{"embeddable":true,"href":"https:\/\/blogs.correiobraziliense.com.br\/capital-sa\/wp-json\/wp\/v2\/comments?post=16018"}],"version-history":[{"count":5,"href":"https:\/\/blogs.correiobraziliense.com.br\/capital-sa\/wp-json\/wp\/v2\/posts\/16018\/revisions"}],"predecessor-version":[{"id":16035,"href":"https:\/\/blogs.correiobraziliense.com.br\/capital-sa\/wp-json\/wp\/v2\/posts\/16018\/revisions\/16035"}],"wp:featuredmedia":[{"embeddable":true,"href":"https:\/\/blogs.correiobraziliense.com.br\/capital-sa\/wp-json\/wp\/v2\/media\/16021"}],"wp:attachment":[{"href":"https:\/\/blogs.correiobraziliense.com.br\/capital-sa\/wp-json\/wp\/v2\/media?parent=16018"}],"wp:term":[{"taxonomy":"category","embeddable":true,"href":"https:\/\/blogs.correiobraziliense.com.br\/capital-sa\/wp-json\/wp\/v2\/categories?post=16018"},{"taxonomy":"post_tag","embeddable":true,"href":"https:\/\/blogs.correiobraziliense.com.br\/capital-sa\/wp-json\/wp\/v2\/tags?post=16018"}],"curies":[{"name":"wp","href":"https:\/\/api.w.org\/{rel}","templated":true}]}}