{"id":16011,"date":"2024-04-29T16:47:52","date_gmt":"2024-04-29T19:47:52","guid":{"rendered":"https:\/\/blogs.correiobraziliense.com.br\/capital-sa\/?p=16011"},"modified":"2024-04-29T23:03:59","modified_gmt":"2024-04-30T02:03:59","slug":"projeto-sobre-direitos-da-mulher-nos-canteiros-de-obras-do-df","status":"publish","type":"post","link":"https:\/\/blogs.correiobraziliense.com.br\/capital-sa\/2024\/04\/29\/projeto-sobre-direitos-da-mulher-nos-canteiros-de-obras-do-df\/","title":{"rendered":"Projeto sobre direitos da mulher nos canteiros de obras do DF"},"content":{"rendered":"<p class=\"p1\"><strong><br \/>\nPor Samanta Sallum\u00a0<\/strong><\/p>\n<p class=\"p1\"><span class=\"s1\">O Sindicato da Ind\u00fastria da Constru\u00e7\u00e3o Civil do Distrito Federal (Sinduscon-DF), em parceria com a Secretaria de Justi\u00e7a e Cidadania (Sejus), lan\u00e7ou o projeto <em>Conversa com Eles<\/em>. O objetivo \u00e9 sensibilizar profissionais de canteiros de obras do DF sobre a import\u00e2ncia da prote\u00e7\u00e3o dos direitos da mulher e fortalecer o combate \u00e0 viol\u00eancia dom\u00e9stica. Foi iniciado no canteiro da obra do Hospital de Planaltina.<\/span><\/p>\n<p class=\"p1\"><span class=\"s1\">Uma equipe de servidores da Sejus vai ministrar palestras e conversar com os trabalhadores para que reconhe\u00e7am e valorizem as mulheres na vida familiar e profissional.<\/span><\/p>\n<p class=\"p1\"><strong><span class=\"s1\">Romper ciclo de viol\u00eancia <\/span><\/strong><\/p>\n<p class=\"p1\"><span class=\"s1\">\u201cPalestrantes buscar\u00e3o sensibilizar os trabalhadores, j\u00e1 que, possivelmente, muitos deles nem tiveram oportunidade de ouvir uma orienta\u00e7\u00e3o para entender que o respeito cabe em todo lugar e entre todas as pessoas, independentemente do g\u00eanero. Essa mobiliza\u00e7\u00e3o ajuda a romper o ciclo de viol\u00eancia a que muitos podem ter sido submetidos em algum momento da vida e evitar que seja reproduzido por eles contra as mulheres\u201d, disse a vice-presidente do Sinduscon DF e idealizadora do projeto, Tereza Christina Coelho Cavalcanti.<\/span><\/p>\n<p class=\"p1\"><span class=\"s1\">Para a secret\u00e1ria de Justi\u00e7a e Cidadania do Distrito Federal, Marcela Passamani, a iniciativa \u00e9 mais um projeto que busca garantir a igualdade de g\u00eanero. \u201cToda mulher tem direito \u00e0 prote\u00e7\u00e3o social e do Estado, inclusive contra atos de viol\u00eancia sofridos no ambiente privado ou intrafamiliar. Para alcan\u00e7ar o p\u00fablico masculino, contamos com palestrantes que discutem de maneira l\u00fadica os diversos tipos de viol\u00eancia enfrentados pelas mulheres\u201d, explica.<\/span><\/p>\n<p>Empresas da constru\u00e7\u00e3o interessadas em receber o projeto em suas obras devem registrar a solicita\u00e7\u00e3o por telefone ou liga\u00e7\u00e3o, no seguinte n\u00famero do Sinduscon-DF: 61999882134.<\/p>\n","protected":false},"excerpt":{"rendered":"<p>Por Samanta Sallum\u00a0 O Sindicato da Ind\u00fastria da Constru\u00e7\u00e3o Civil do Distrito Federal (Sinduscon-DF), em parceria com a Secretaria de Justi\u00e7a e Cidadania (Sejus), lan\u00e7ou o projeto Conversa com Eles. O objetivo \u00e9 sensibilizar profissionais de canteiros de obras do DF sobre a import\u00e2ncia da prote\u00e7\u00e3o dos direitos da mulher e fortalecer o combate \u00e0 viol\u00eancia dom\u00e9stica. Foi iniciado no [&hellip;]<\/p>\n","protected":false},"author":125,"featured_media":16017,"comment_status":"open","ping_status":"open","sticky":false,"template":"","format":"standard","meta":{"footnotes":""},"categories":[6],"tags":[2138,2190,265,2181,1022,2125],"class_list":["post-16011","post","type-post","status-publish","format-standard","has-post-thumbnail","hentry","category-coluna-capital-s-a","tag-combate","tag-igualdade","tag-projeto","tag-sejus","tag-sinduscon","tag-violencia"],"_links":{"self":[{"href":"https:\/\/blogs.correiobraziliense.com.br\/capital-sa\/wp-json\/wp\/v2\/posts\/16011","targetHints":{"allow":["GET"]}}],"collection":[{"href":"https:\/\/blogs.correiobraziliense.com.br\/capital-sa\/wp-json\/wp\/v2\/posts"}],"about":[{"href":"https:\/\/blogs.correiobraziliense.com.br\/capital-sa\/wp-json\/wp\/v2\/types\/post"}],"author":[{"embeddable":true,"href":"https:\/\/blogs.correiobraziliense.com.br\/capital-sa\/wp-json\/wp\/v2\/users\/125"}],"replies":[{"embeddable":true,"href":"https:\/\/blogs.correiobraziliense.com.br\/capital-sa\/wp-json\/wp\/v2\/comments?post=16011"}],"version-history":[{"count":7,"href":"https:\/\/blogs.correiobraziliense.com.br\/capital-sa\/wp-json\/wp\/v2\/posts\/16011\/revisions"}],"predecessor-version":[{"id":16034,"href":"https:\/\/blogs.correiobraziliense.com.br\/capital-sa\/wp-json\/wp\/v2\/posts\/16011\/revisions\/16034"}],"wp:featuredmedia":[{"embeddable":true,"href":"https:\/\/blogs.correiobraziliense.com.br\/capital-sa\/wp-json\/wp\/v2\/media\/16017"}],"wp:attachment":[{"href":"https:\/\/blogs.correiobraziliense.com.br\/capital-sa\/wp-json\/wp\/v2\/media?parent=16011"}],"wp:term":[{"taxonomy":"category","embeddable":true,"href":"https:\/\/blogs.correiobraziliense.com.br\/capital-sa\/wp-json\/wp\/v2\/categories?post=16011"},{"taxonomy":"post_tag","embeddable":true,"href":"https:\/\/blogs.correiobraziliense.com.br\/capital-sa\/wp-json\/wp\/v2\/tags?post=16011"}],"curies":[{"name":"wp","href":"https:\/\/api.w.org\/{rel}","templated":true}]}}