{"id":15959,"date":"2024-04-22T14:20:00","date_gmt":"2024-04-22T17:20:00","guid":{"rendered":"https:\/\/blogs.correiobraziliense.com.br\/capital-sa\/?p=15959"},"modified":"2024-04-22T19:20:28","modified_gmt":"2024-04-22T22:20:28","slug":"brasilia-plena-de-supresa-e-invencao","status":"publish","type":"post","link":"https:\/\/blogs.correiobraziliense.com.br\/capital-sa\/2024\/04\/22\/brasilia-plena-de-supresa-e-invencao\/","title":{"rendered":"Bras\u00edlia, plena de surpresa e inven\u00e7\u00e3o"},"content":{"rendered":"<p class=\"p1\"><strong>Por Samanta Sallum\u00a0<\/strong><\/p>\n<p class=\"p1\"><span class=\"s1\">\u201cSe eu dissesse que Bras\u00edlia \u00e9 bonita, veriam imediatamente que gostei da cidade. Mas se digo que Bras\u00edlia \u00e9 a imagem de minha ins\u00f4nia, veem nisso uma acusa\u00e7\u00e3o. Mas minha ins\u00f4nia sou eu, \u00e9 vivida, \u00e9 o meu espanto. Os dois arquitetos (Lucio Costa e Oscar Niemeyer) n\u00e3o pensaram em construir beleza, seria f\u00e1cil: eles ergueram o espanto deles e deixaram o espanto inexplicado. A cria\u00e7\u00e3o n\u00e3o \u00e9 uma compreens\u00e3o, \u00e9 um novo mist\u00e9rio\u201d, escreveu a escritora Clarice Lispector sobre Bras\u00edlia.<\/span><\/p>\n<p class=\"p1\"><span class=\"s1\">Niemeyer comentou, numa entrevista concedida a ela, no fim da d\u00e9cada de 1960: \u201c<\/span>Sua observa\u00e7\u00e3o me deixa satisfeito. Meu intuito ao projetar a arquitetura de Bras\u00edlia foi, antes de tudo, faz\u00ea-la diferente e, se poss\u00edvel, plena de surpresa e inven\u00e7\u00e3o.\u201d<\/p>\n<p class=\"p1\"><span class=\"s1\">O arquiteto completou: \u201cPretendia uma arquitetura que a caracterizasse e, nesse aspecto, me sinto realizado, vendo que seus elementos arquitet\u00f4nicos \u2013 as colunas do Alvorada, por exemplo, v\u00e3o se repetindo, sendo utilizadas nas formas mais diversas\u201d.<\/span><\/p>\n<p class=\"p1\"><span class=\"s1\">Niemeyer ainda faria uma refer\u00eancia ao escritor e pensador franc\u00eas Andr\u00e9 Malraux sobre a nova capital do Brasil. \u201cAgradou-me ouvir certa vez de Andr\u00e9 Malraux esse coment\u00e1rio: \u2018As colunas do Alvorada s\u00e3o os elementos arquitet\u00f4nicos mais importantes depois das colunas gregas\u2019.\u201d<\/span><\/p>\n<p class=\"p1\"><strong><span class=\"s1\">Desenvolvimento econ\u00f4mico <\/span><\/strong><\/p>\n<p class=\"p1\"><span class=\"s1\">A Bras\u00edlia do espanto pela genialidade da concep\u00e7\u00e3o arquitet\u00f4nica se superou e muito ao tra\u00e7ado da prancheta. A vida que transborda puxou o desenvolvimento econ\u00f4mico. Uma cidade erguida por empreendedores, desbravadores que trouxeram para c\u00e1 o com\u00e9rcio, os servi\u00e7os, a agricultura e a ind\u00fastria.<br \/>\n<\/span><\/p>\n<p class=\"p1\"><span class=\"s1\">De cidade administrativa ao terceiro maior polo consumidor do pa\u00eds, a capital federal celebra\u00a0<\/span><span class=\"s1\">os 64 anos ganhando, cada vez mais, destaque no cen\u00e1rio econ\u00f4mico do pa\u00eds. As pequenas empresas s\u00e3o grandes geradores de emprego, e o setor privado garante mais arrecada\u00e7\u00e3o de impostos aos cofres p\u00fablicos.<\/span><\/p>\n<p>A criatividade no empreendedorismo ajudou a construir a nova capital. E segue no sonho cada vez mais realizado dos brasilienses serem donos do pr\u00f3prio neg\u00f3cio.<\/p>\n","protected":false},"excerpt":{"rendered":"<p>Por Samanta Sallum\u00a0 \u201cSe eu dissesse que Bras\u00edlia \u00e9 bonita, veriam imediatamente que gostei da cidade. Mas se digo que Bras\u00edlia \u00e9 a imagem de minha ins\u00f4nia, veem nisso uma acusa\u00e7\u00e3o. Mas minha ins\u00f4nia sou eu, \u00e9 vivida, \u00e9 o meu espanto. Os dois arquitetos (Lucio Costa e Oscar Niemeyer) n\u00e3o pensaram em construir beleza, seria f\u00e1cil: eles ergueram o [&hellip;]<\/p>\n","protected":false},"author":125,"featured_media":15964,"comment_status":"open","ping_status":"open","sticky":false,"template":"","format":"standard","meta":{"footnotes":""},"categories":[6],"tags":[92,1234,124,2203,408,962,2202,851],"class_list":["post-15959","post","type-post","status-publish","format-standard","has-post-thumbnail","hentry","category-coluna-capital-s-a","tag-arquitetura","tag-beleza","tag-brasilia","tag-claricelispector","tag-crescimento","tag-desenvolvimento","tag-luciocosta","tag-oscarniemeyer"],"_links":{"self":[{"href":"https:\/\/blogs.correiobraziliense.com.br\/capital-sa\/wp-json\/wp\/v2\/posts\/15959","targetHints":{"allow":["GET"]}}],"collection":[{"href":"https:\/\/blogs.correiobraziliense.com.br\/capital-sa\/wp-json\/wp\/v2\/posts"}],"about":[{"href":"https:\/\/blogs.correiobraziliense.com.br\/capital-sa\/wp-json\/wp\/v2\/types\/post"}],"author":[{"embeddable":true,"href":"https:\/\/blogs.correiobraziliense.com.br\/capital-sa\/wp-json\/wp\/v2\/users\/125"}],"replies":[{"embeddable":true,"href":"https:\/\/blogs.correiobraziliense.com.br\/capital-sa\/wp-json\/wp\/v2\/comments?post=15959"}],"version-history":[{"count":8,"href":"https:\/\/blogs.correiobraziliense.com.br\/capital-sa\/wp-json\/wp\/v2\/posts\/15959\/revisions"}],"predecessor-version":[{"id":15968,"href":"https:\/\/blogs.correiobraziliense.com.br\/capital-sa\/wp-json\/wp\/v2\/posts\/15959\/revisions\/15968"}],"wp:featuredmedia":[{"embeddable":true,"href":"https:\/\/blogs.correiobraziliense.com.br\/capital-sa\/wp-json\/wp\/v2\/media\/15964"}],"wp:attachment":[{"href":"https:\/\/blogs.correiobraziliense.com.br\/capital-sa\/wp-json\/wp\/v2\/media?parent=15959"}],"wp:term":[{"taxonomy":"category","embeddable":true,"href":"https:\/\/blogs.correiobraziliense.com.br\/capital-sa\/wp-json\/wp\/v2\/categories?post=15959"},{"taxonomy":"post_tag","embeddable":true,"href":"https:\/\/blogs.correiobraziliense.com.br\/capital-sa\/wp-json\/wp\/v2\/tags?post=15959"}],"curies":[{"name":"wp","href":"https:\/\/api.w.org\/{rel}","templated":true}]}}