{"id":15948,"date":"2024-04-19T15:05:03","date_gmt":"2024-04-19T18:05:03","guid":{"rendered":"https:\/\/blogs.correiobraziliense.com.br\/capital-sa\/?p=15948"},"modified":"2024-04-19T19:57:20","modified_gmt":"2024-04-19T22:57:20","slug":"ambev-amplia-capacidade-de-producao-no-pais","status":"publish","type":"post","link":"https:\/\/blogs.correiobraziliense.com.br\/capital-sa\/2024\/04\/19\/ambev-amplia-capacidade-de-producao-no-pais\/","title":{"rendered":"Ambev amplia capacidade de produ\u00e7\u00e3o no pa\u00eds"},"content":{"rendered":"<p class=\"p1\"><em>Grupo registrou aumento de 200% nas\u00a0vendas da linha premium de cervejas nos \u00faltimos cinco anos\u00a0<\/em><\/p>\n<p><strong>Por Samanta Sallum\u00a0<\/strong><\/p>\n<p class=\"p1\"><span class=\"s1\">Desde o ano passado, a Ambev vem investindo mais de R$ 1 bilh\u00e3o nas suas opera\u00e7\u00f5es no Brasil, em estados como Maranh\u00e3o, Bahia, Cear\u00e1, Pernambuco, Piau\u00ed, Goi\u00e1s e Paran\u00e1. Os investimentos s\u00e3o para aumento de capacidade de produ\u00e7\u00e3o de garrafas, bebidas premium e refrigerantes, com a expans\u00e3o de novas linhas de produ\u00e7\u00e3o e a constru\u00e7\u00e3o de mais uma f\u00e1brica de garrafas de vidro.<\/span><\/p>\n<p class=\"p1\"><span class=\"s1\">A Ambev anunciou um investimento de R$ 150 milh\u00f5es na sua cervejaria em An\u00e1polis (GO), a Cebrasa. O aporte ser\u00e1 para ampliar a capacidade de produ\u00e7\u00e3o de r\u00f3tulos premium de cerveja, como Spaten, Corona, Stella Artois e Original. A cervejaria de An\u00e1polis \u00e9 respons\u00e1vel pelo abastecimento de estados do Centro-Oeste incluindo o DF. <\/span><\/p>\n<p class=\"p1\"><span class=\"s1\">\u201cEste \u00e9 um reflexo do sucesso do nosso portf\u00f3lio premium, especialmente a Spaten, e refor\u00e7a a import\u00e2ncia da Cervejaria de An\u00e1polis para o nosso neg\u00f3cio. Desde 2019, vimos um aumento de mais de 200% nas vendas da categoria premium no pa\u00eds.\u201c , contou \u00e0 coluna, Valdecir Duarte, vice-presidente de Supply da Ambev (foto).<\/span><\/p>\n","protected":false},"excerpt":{"rendered":"<p>Grupo registrou aumento de 200% nas\u00a0vendas da linha premium de cervejas nos \u00faltimos cinco anos\u00a0 Por Samanta Sallum\u00a0 Desde o ano passado, a Ambev vem investindo mais de R$ 1 bilh\u00e3o nas suas opera\u00e7\u00f5es no Brasil, em estados como Maranh\u00e3o, Bahia, Cear\u00e1, Pernambuco, Piau\u00ed, Goi\u00e1s e Paran\u00e1. Os investimentos s\u00e3o para aumento de capacidade de produ\u00e7\u00e3o de garrafas, bebidas premium [&hellip;]<\/p>\n","protected":false},"author":125,"featured_media":15951,"comment_status":"open","ping_status":"open","sticky":false,"template":"","format":"standard","meta":{"footnotes":""},"categories":[6],"tags":[2200,702,654,2201,744,171],"class_list":["post-15948","post","type-post","status-publish","format-standard","has-post-thumbnail","hentry","category-coluna-capital-s-a","tag-ambev","tag-aumento","tag-investimento","tag-linhapremium","tag-producao","tag-vendas"],"_links":{"self":[{"href":"https:\/\/blogs.correiobraziliense.com.br\/capital-sa\/wp-json\/wp\/v2\/posts\/15948","targetHints":{"allow":["GET"]}}],"collection":[{"href":"https:\/\/blogs.correiobraziliense.com.br\/capital-sa\/wp-json\/wp\/v2\/posts"}],"about":[{"href":"https:\/\/blogs.correiobraziliense.com.br\/capital-sa\/wp-json\/wp\/v2\/types\/post"}],"author":[{"embeddable":true,"href":"https:\/\/blogs.correiobraziliense.com.br\/capital-sa\/wp-json\/wp\/v2\/users\/125"}],"replies":[{"embeddable":true,"href":"https:\/\/blogs.correiobraziliense.com.br\/capital-sa\/wp-json\/wp\/v2\/comments?post=15948"}],"version-history":[{"count":5,"href":"https:\/\/blogs.correiobraziliense.com.br\/capital-sa\/wp-json\/wp\/v2\/posts\/15948\/revisions"}],"predecessor-version":[{"id":15958,"href":"https:\/\/blogs.correiobraziliense.com.br\/capital-sa\/wp-json\/wp\/v2\/posts\/15948\/revisions\/15958"}],"wp:featuredmedia":[{"embeddable":true,"href":"https:\/\/blogs.correiobraziliense.com.br\/capital-sa\/wp-json\/wp\/v2\/media\/15951"}],"wp:attachment":[{"href":"https:\/\/blogs.correiobraziliense.com.br\/capital-sa\/wp-json\/wp\/v2\/media?parent=15948"}],"wp:term":[{"taxonomy":"category","embeddable":true,"href":"https:\/\/blogs.correiobraziliense.com.br\/capital-sa\/wp-json\/wp\/v2\/categories?post=15948"},{"taxonomy":"post_tag","embeddable":true,"href":"https:\/\/blogs.correiobraziliense.com.br\/capital-sa\/wp-json\/wp\/v2\/tags?post=15948"}],"curies":[{"name":"wp","href":"https:\/\/api.w.org\/{rel}","templated":true}]}}