{"id":15943,"date":"2024-04-19T14:57:56","date_gmt":"2024-04-19T17:57:56","guid":{"rendered":"https:\/\/blogs.correiobraziliense.com.br\/capital-sa\/?p=15943"},"modified":"2024-04-19T19:45:16","modified_gmt":"2024-04-19T22:45:16","slug":"cnseg-apresenta-agenda-institucional-a-com-parlamentares","status":"publish","type":"post","link":"https:\/\/blogs.correiobraziliense.com.br\/capital-sa\/2024\/04\/19\/cnseg-apresenta-agenda-institucional-a-com-parlamentares\/","title":{"rendered":"CNSeg apresenta agenda institucional a parlamentares"},"content":{"rendered":"<p><strong>Por Samanta Sallum\u00a0<\/strong><\/p>\n<p class=\"p1\"><span class=\"s1\">A Confedera\u00e7\u00e3o Nacional das Seguradoras (CNseg) apresentou, em Bras\u00edlia, a edi\u00e7\u00e3o 2024 da Agenda Institucional do Setor de Seguros, documento que destaca as principais pautas e projetos de interesse do setor junto ao Legislativo e ao Executivo federal. O evento reuniu parlamentares, executivos de seguradoras e representantes governamentais no Bras\u00edlia Palace.<br \/>\n<\/span><\/p>\n<p class=\"p1\"><span class=\"s1\">O presidente da CNseg, Dyogo Oliveira, apontou que o \u00faltimo ano foi marcado por intensos debates que geraram avan\u00e7os legislativos e regulat\u00f3rios significativos. Lembrou do pacote de medidas priorit\u00e1rias do Minist\u00e9rio da Fazenda para estimular o cr\u00e9dito. Das 13 propostas, quatro envolveram o setor, duas das quais foram convertidas em lei ainda em 2023. <\/span><\/p>\n<p class=\"p1\"><span class=\"s1\">\u201cDestaque ainda para a atua\u00e7\u00e3o do setor junto \u00e0 aprova\u00e7\u00e3o de importantes pontos da Reforma Tribut\u00e1ria\u201d, completou. Entre os presentes ao encontro, o l\u00edder da maioria na C\u00e2mara, Dep. Aguinaldo Ribeiro, o superintendente da Susep, Alessandro Octaviani; os deputados federais Mauro Benevides Filho e Reginaldo Lopes; e o senador Rodrigo Cunha.<\/span><\/p>\n","protected":false},"excerpt":{"rendered":"<p>Por Samanta Sallum\u00a0 A Confedera\u00e7\u00e3o Nacional das Seguradoras (CNseg) apresentou, em Bras\u00edlia, a edi\u00e7\u00e3o 2024 da Agenda Institucional do Setor de Seguros, documento que destaca as principais pautas e projetos de interesse do setor junto ao Legislativo e ao Executivo federal. O evento reuniu parlamentares, executivos de seguradoras e representantes governamentais no Bras\u00edlia Palace. O presidente da CNseg, Dyogo Oliveira, [&hellip;]<\/p>\n","protected":false},"author":125,"featured_media":15947,"comment_status":"open","ping_status":"open","sticky":false,"template":"","format":"standard","meta":{"footnotes":""},"categories":[6],"tags":[2196,2195,893,2197],"class_list":["post-15943","post","type-post","status-publish","format-standard","has-post-thumbnail","hentry","category-coluna-capital-s-a","tag-avancos","tag-cnseg","tag-credito","tag-seguradoras"],"_links":{"self":[{"href":"https:\/\/blogs.correiobraziliense.com.br\/capital-sa\/wp-json\/wp\/v2\/posts\/15943","targetHints":{"allow":["GET"]}}],"collection":[{"href":"https:\/\/blogs.correiobraziliense.com.br\/capital-sa\/wp-json\/wp\/v2\/posts"}],"about":[{"href":"https:\/\/blogs.correiobraziliense.com.br\/capital-sa\/wp-json\/wp\/v2\/types\/post"}],"author":[{"embeddable":true,"href":"https:\/\/blogs.correiobraziliense.com.br\/capital-sa\/wp-json\/wp\/v2\/users\/125"}],"replies":[{"embeddable":true,"href":"https:\/\/blogs.correiobraziliense.com.br\/capital-sa\/wp-json\/wp\/v2\/comments?post=15943"}],"version-history":[{"count":4,"href":"https:\/\/blogs.correiobraziliense.com.br\/capital-sa\/wp-json\/wp\/v2\/posts\/15943\/revisions"}],"predecessor-version":[{"id":15954,"href":"https:\/\/blogs.correiobraziliense.com.br\/capital-sa\/wp-json\/wp\/v2\/posts\/15943\/revisions\/15954"}],"wp:featuredmedia":[{"embeddable":true,"href":"https:\/\/blogs.correiobraziliense.com.br\/capital-sa\/wp-json\/wp\/v2\/media\/15947"}],"wp:attachment":[{"href":"https:\/\/blogs.correiobraziliense.com.br\/capital-sa\/wp-json\/wp\/v2\/media?parent=15943"}],"wp:term":[{"taxonomy":"category","embeddable":true,"href":"https:\/\/blogs.correiobraziliense.com.br\/capital-sa\/wp-json\/wp\/v2\/categories?post=15943"},{"taxonomy":"post_tag","embeddable":true,"href":"https:\/\/blogs.correiobraziliense.com.br\/capital-sa\/wp-json\/wp\/v2\/tags?post=15943"}],"curies":[{"name":"wp","href":"https:\/\/api.w.org\/{rel}","templated":true}]}}