{"id":15937,"date":"2024-04-19T14:53:39","date_gmt":"2024-04-19T17:53:39","guid":{"rendered":"https:\/\/blogs.correiobraziliense.com.br\/capital-sa\/?p=15937"},"modified":"2024-04-19T19:49:19","modified_gmt":"2024-04-19T22:49:19","slug":"exemplo-de-uniao-para-empreender-no-cerrado","status":"publish","type":"post","link":"https:\/\/blogs.correiobraziliense.com.br\/capital-sa\/2024\/04\/19\/exemplo-de-uniao-para-empreender-no-cerrado\/","title":{"rendered":"Exemplo de uni\u00e3o para empreender no Cerrado"},"content":{"rendered":"<p class=\"p1\" style=\"padding-left: 30px\"><strong>Por Samanta Sallum\u00a0<\/strong><\/p>\n<p class=\"p1\"><span class=\"s1\">A partir da uni\u00e3o de 10 vinhedos, a Vin\u00edcola Bras\u00edlia est\u00e1 pronta para abrir as portas aos brasilienses e turistas. O<span class=\"Apple-converted-space\">\u00a0<\/span>grupo re\u00fane Casa Vitor, Ercoara, Horus, Marchese, Miro, Monte Alvor, Oma Sena, Alto Cerrado, Villa Triacca e Vista da Mata. O lan\u00e7amento especial ser\u00e1 no domingo, 21 de abril, no anivers\u00e1rio de Bras\u00edlia.<\/span><\/p>\n<p>A hist\u00f3ria por tr\u00e1s da Vin\u00edcola Bras\u00edlia come\u00e7a ainda nos anos 1970, per\u00edodo em que muitos imigrantes do sul do pa\u00eds, principalmente, vieram \u00e0 capital para aproveitar as terras f\u00e9rteis e produtivas. Hoje, o neg\u00f3cio \u00e9 administrado por 10 fam\u00edlias que se uniram com esse prop\u00f3sito na regi\u00e3o do PAD-DF, tendo a Syrah como a principal casta tinta.<\/p>\n<p><img loading=\"lazy\" decoding=\"async\" class=\"aligncenter size-medium wp-image-15940\" src=\"https:\/\/blogs.correiobraziliense.com.br\/capital-sa\/wp-content\/uploads\/sites\/59\/2024\/04\/C9F96648-609A-4E5A-BE1F-9A07C012457A-300x271.jpeg\" alt=\"\" width=\"300\" height=\"271\" srcset=\"https:\/\/blogs.correiobraziliense.com.br\/capital-sa\/wp-content\/uploads\/sites\/59\/2024\/04\/C9F96648-609A-4E5A-BE1F-9A07C012457A-300x271.jpeg 300w, https:\/\/blogs.correiobraziliense.com.br\/capital-sa\/wp-content\/uploads\/sites\/59\/2024\/04\/C9F96648-609A-4E5A-BE1F-9A07C012457A-768x694.jpeg 768w, https:\/\/blogs.correiobraziliense.com.br\/capital-sa\/wp-content\/uploads\/sites\/59\/2024\/04\/C9F96648-609A-4E5A-BE1F-9A07C012457A-1024x926.jpeg 1024w, https:\/\/blogs.correiobraziliense.com.br\/capital-sa\/wp-content\/uploads\/sites\/59\/2024\/04\/C9F96648-609A-4E5A-BE1F-9A07C012457A-800x723.jpeg 800w, https:\/\/blogs.correiobraziliense.com.br\/capital-sa\/wp-content\/uploads\/sites\/59\/2024\/04\/C9F96648-609A-4E5A-BE1F-9A07C012457A-550x497.jpeg 550w, https:\/\/blogs.correiobraziliense.com.br\/capital-sa\/wp-content\/uploads\/sites\/59\/2024\/04\/C9F96648-609A-4E5A-BE1F-9A07C012457A-230x208.jpeg 230w, https:\/\/blogs.correiobraziliense.com.br\/capital-sa\/wp-content\/uploads\/sites\/59\/2024\/04\/C9F96648-609A-4E5A-BE1F-9A07C012457A.jpeg 1169w\" sizes=\"auto, (max-width: 300px) 100vw, 300px\" \/><\/p>\n<p class=\"p1\"><span class=\"s1\"> Os primeiros vinhedos foram implantados em 2018, os quais diversificam o cultivo de outras castas, como: Tempranillo, Cabernet Franc, Marselan, Sangiovese, Grenache, Malbec, e as brancas Sauvignon Blanc e Viognier.<\/span><\/p>\n","protected":false},"excerpt":{"rendered":"<p>Por Samanta Sallum\u00a0 A partir da uni\u00e3o de 10 vinhedos, a Vin\u00edcola Bras\u00edlia est\u00e1 pronta para abrir as portas aos brasilienses e turistas. O\u00a0grupo re\u00fane Casa Vitor, Ercoara, Horus, Marchese, Miro, Monte Alvor, Oma Sena, Alto Cerrado, Villa Triacca e Vista da Mata. O lan\u00e7amento especial ser\u00e1 no domingo, 21 de abril, no anivers\u00e1rio de Bras\u00edlia. A hist\u00f3ria por tr\u00e1s [&hellip;]<\/p>\n","protected":false},"author":125,"featured_media":15942,"comment_status":"open","ping_status":"open","sticky":false,"template":"","format":"standard","meta":{"footnotes":""},"categories":[6],"tags":[124,1932,2199,2198],"class_list":["post-15937","post","type-post","status-publish","format-standard","has-post-thumbnail","hentry","category-coluna-capital-s-a","tag-brasilia","tag-lancamento","tag-vinhedo","tag-vinicola"],"_links":{"self":[{"href":"https:\/\/blogs.correiobraziliense.com.br\/capital-sa\/wp-json\/wp\/v2\/posts\/15937","targetHints":{"allow":["GET"]}}],"collection":[{"href":"https:\/\/blogs.correiobraziliense.com.br\/capital-sa\/wp-json\/wp\/v2\/posts"}],"about":[{"href":"https:\/\/blogs.correiobraziliense.com.br\/capital-sa\/wp-json\/wp\/v2\/types\/post"}],"author":[{"embeddable":true,"href":"https:\/\/blogs.correiobraziliense.com.br\/capital-sa\/wp-json\/wp\/v2\/users\/125"}],"replies":[{"embeddable":true,"href":"https:\/\/blogs.correiobraziliense.com.br\/capital-sa\/wp-json\/wp\/v2\/comments?post=15937"}],"version-history":[{"count":5,"href":"https:\/\/blogs.correiobraziliense.com.br\/capital-sa\/wp-json\/wp\/v2\/posts\/15937\/revisions"}],"predecessor-version":[{"id":15956,"href":"https:\/\/blogs.correiobraziliense.com.br\/capital-sa\/wp-json\/wp\/v2\/posts\/15937\/revisions\/15956"}],"wp:featuredmedia":[{"embeddable":true,"href":"https:\/\/blogs.correiobraziliense.com.br\/capital-sa\/wp-json\/wp\/v2\/media\/15942"}],"wp:attachment":[{"href":"https:\/\/blogs.correiobraziliense.com.br\/capital-sa\/wp-json\/wp\/v2\/media?parent=15937"}],"wp:term":[{"taxonomy":"category","embeddable":true,"href":"https:\/\/blogs.correiobraziliense.com.br\/capital-sa\/wp-json\/wp\/v2\/categories?post=15937"},{"taxonomy":"post_tag","embeddable":true,"href":"https:\/\/blogs.correiobraziliense.com.br\/capital-sa\/wp-json\/wp\/v2\/tags?post=15937"}],"curies":[{"name":"wp","href":"https:\/\/api.w.org\/{rel}","templated":true}]}}