{"id":15925,"date":"2024-04-17T10:49:51","date_gmt":"2024-04-17T13:49:51","guid":{"rendered":"https:\/\/blogs.correiobraziliense.com.br\/capital-sa\/?p=15925"},"modified":"2024-04-17T15:16:32","modified_gmt":"2024-04-17T18:16:32","slug":"neoenergia-investira-r-14-bi-no-df-ate-2028","status":"publish","type":"post","link":"https:\/\/blogs.correiobraziliense.com.br\/capital-sa\/2024\/04\/17\/neoenergia-investira-r-14-bi-no-df-ate-2028\/","title":{"rendered":"Neoenergia investir\u00e1 R$ 1,4 bi no DF at\u00e9 2028"},"content":{"rendered":"<p><em>Moderniza\u00e7\u00e3o do sistema e redu\u00e7\u00e3o de interrup\u00e7\u00f5es no fornecimento est\u00e3o entre os compromissos anunciados pela empresa em evento organizado pelo Grupo de Lideran\u00e7as Empresariais de Bras\u00edlia<\/em><\/p>\n<p><strong>SAMANTA SALLUM<\/strong><\/p>\n<p>CEO da Neonergia no Brasil, o espanhol Eduardo Capelastegui veio \u00e0 capital federal ontem especialmente para participar de evento organizado pelo Grupo de Lideran\u00e7as Empresariais de Bras\u00edlia (Lide). O executivo anunciou um grande aporte de recursos na melhoria do fornecimento de energia oferecido \u00e0 popula\u00e7\u00e3o. \u201cQueremos transformar o Distrito Federal na nossa melhor distribuidora de energia do pa\u00eds\u201d , afirmou. Com a presen\u00e7a do governador Ibaneis Rocha, a apresenta\u00e7\u00e3o de metas e realiza\u00e7\u00f5es da empresa foi direcionada a um grupo de 150 convidados, entre empres\u00e1rios, autoridades e parlamentares. Ser\u00e3o investidos R$ 1,4 bilh\u00e3o at\u00e9 2028.<\/p>\n<p><img loading=\"lazy\" decoding=\"async\" class=\"aligncenter size-medium wp-image-15932\" src=\"https:\/\/blogs.correiobraziliense.com.br\/capital-sa\/wp-content\/uploads\/sites\/59\/2024\/04\/3C86229F-3EBD-442E-9E60-7C702F1B0CF3-300x200.jpeg\" alt=\"\" width=\"300\" height=\"200\" srcset=\"https:\/\/blogs.correiobraziliense.com.br\/capital-sa\/wp-content\/uploads\/sites\/59\/2024\/04\/3C86229F-3EBD-442E-9E60-7C702F1B0CF3-300x200.jpeg 300w, https:\/\/blogs.correiobraziliense.com.br\/capital-sa\/wp-content\/uploads\/sites\/59\/2024\/04\/3C86229F-3EBD-442E-9E60-7C702F1B0CF3-768x512.jpeg 768w, https:\/\/blogs.correiobraziliense.com.br\/capital-sa\/wp-content\/uploads\/sites\/59\/2024\/04\/3C86229F-3EBD-442E-9E60-7C702F1B0CF3-1024x683.jpeg 1024w, https:\/\/blogs.correiobraziliense.com.br\/capital-sa\/wp-content\/uploads\/sites\/59\/2024\/04\/3C86229F-3EBD-442E-9E60-7C702F1B0CF3-1440x960.jpeg 1440w, https:\/\/blogs.correiobraziliense.com.br\/capital-sa\/wp-content\/uploads\/sites\/59\/2024\/04\/3C86229F-3EBD-442E-9E60-7C702F1B0CF3-800x533.jpeg 800w, https:\/\/blogs.correiobraziliense.com.br\/capital-sa\/wp-content\/uploads\/sites\/59\/2024\/04\/3C86229F-3EBD-442E-9E60-7C702F1B0CF3-550x367.jpeg 550w, https:\/\/blogs.correiobraziliense.com.br\/capital-sa\/wp-content\/uploads\/sites\/59\/2024\/04\/3C86229F-3EBD-442E-9E60-7C702F1B0CF3-230x153.jpeg 230w\" sizes=\"auto, (max-width: 300px) 100vw, 300px\" \/><\/p>\n<p>Considerando os investimentos desde a concess\u00e3o, h\u00e1 tr\u00eas anos, a cifra total atingir\u00e1 R$ 2,2 bilh\u00f5es. O an\u00fancio ocorreu durante almo\u00e7o-debate no Hotel Royal Tulip, que teve como anfitri\u00e3o o ex-senador e empres\u00e1rio Paulo Oct\u00e1vio.<\/p>\n<p>O aporte da Neoenergia, desde que assumiu a opera\u00e7\u00e3o, na capital federal, em\u00a02021, foi maior do que o realizado pela CEB na \u00faltima d\u00e9cada, mais de R$ 850 milh\u00f5es. Os recursos est\u00e3o sendo\u00a0aplicados na moderniza\u00e7\u00e3o do sistema, na regulariza\u00e7\u00e3o do fornecimento em algumas novas \u00e1reas, na infraestrutura e no suporte.<\/p>\n<p>O diretor-presidente da Neoenergia Bras\u00edlia, Frederico Candian, tamb\u00e9m participou do evento e destacou alguns resultados da empresa. \u201cO tempo m\u00e9dio de interrup\u00e7\u00f5es foi reduzido em 24%, e a quantidade m\u00e9dia de interrup\u00e7\u00f5es, em 33%. Estamos comprometidos em fazer de Bras\u00edlia um exemplo de compromisso e capacidade de investimento no setor energ\u00e9tico\u201d, concluiu.<\/p>\n<p>O governador Ibaneis Rocha (MDB) relembrou a saga para realizar o processo de privatiza\u00e7\u00e3o do servi\u00e7o, antes nas m\u00e3os do CEB. \u201cEu n\u00e3o sou um privatista, n\u00e3o tenho essa sanha. Temos, por exemplo, no GDF, a Caesb, que est\u00e1 indo bem. Mas, no caso da CEB, seguimos o caminho certo. Hoje vemos os bons resultados, \u00e9 vis\u00edvel a melhoria da qualidade do servi\u00e7o desde que a Neoenergia assumiu. \u00c9 importante lembrar o nosso programa Energia Legal, em que regularizamos o fornecimento em regi\u00f5es onde se proliferavam os chamados \u2018gatos\u2019. Foram cerca de 100 mil liga\u00e7\u00f5es\u201d, disse Ibaneis.<\/p>\n<p><img loading=\"lazy\" decoding=\"async\" class=\"aligncenter size-medium wp-image-15933\" src=\"https:\/\/blogs.correiobraziliense.com.br\/capital-sa\/wp-content\/uploads\/sites\/59\/2024\/04\/E32BAC49-9FB4-40C3-B252-78CDF2C53085-300x200.jpeg\" alt=\"\" width=\"300\" height=\"200\" srcset=\"https:\/\/blogs.correiobraziliense.com.br\/capital-sa\/wp-content\/uploads\/sites\/59\/2024\/04\/E32BAC49-9FB4-40C3-B252-78CDF2C53085-300x200.jpeg 300w, https:\/\/blogs.correiobraziliense.com.br\/capital-sa\/wp-content\/uploads\/sites\/59\/2024\/04\/E32BAC49-9FB4-40C3-B252-78CDF2C53085-768x512.jpeg 768w, https:\/\/blogs.correiobraziliense.com.br\/capital-sa\/wp-content\/uploads\/sites\/59\/2024\/04\/E32BAC49-9FB4-40C3-B252-78CDF2C53085-1024x683.jpeg 1024w, https:\/\/blogs.correiobraziliense.com.br\/capital-sa\/wp-content\/uploads\/sites\/59\/2024\/04\/E32BAC49-9FB4-40C3-B252-78CDF2C53085-1440x960.jpeg 1440w, https:\/\/blogs.correiobraziliense.com.br\/capital-sa\/wp-content\/uploads\/sites\/59\/2024\/04\/E32BAC49-9FB4-40C3-B252-78CDF2C53085-800x533.jpeg 800w, https:\/\/blogs.correiobraziliense.com.br\/capital-sa\/wp-content\/uploads\/sites\/59\/2024\/04\/E32BAC49-9FB4-40C3-B252-78CDF2C53085-550x367.jpeg 550w, https:\/\/blogs.correiobraziliense.com.br\/capital-sa\/wp-content\/uploads\/sites\/59\/2024\/04\/E32BAC49-9FB4-40C3-B252-78CDF2C53085-230x153.jpeg 230w\" sizes=\"auto, (max-width: 300px) 100vw, 300px\" \/><\/p>\n<p>O anfitri\u00e3o do evento, o empres\u00e1rio Paulo Octavio, relembrou a epopeia da constru\u00e7\u00e3o de Bras\u00edlia e ressaltou o salto que a capital federal deu em 64 anos: de uma regi\u00e3o sem infraestrutura para a terceira metr\u00f3pole do pa\u00eds. \u201c\u00c9 impressionante se lembramos que Bras\u00edlia foi constru\u00edda sem energia. Foi preciso trazer para c\u00e1 um aparato, \u00e0 noite era o breu. Hoje temos uma empresa p\u00fablica, a CEB, recuperada, de deficit\u00e1ria agora registra com lucro; e outra do setor privado, a Neonergia, fazendo grandes investimentos na nossa cidade\u201d, pontuou.<\/p>\n<p><strong>D\u00edvida da CEB\u00a0<\/strong><\/p>\n<p>O presidente da CEB Holding, Edson Garcia, que conduziu todo o processo de privatiza\u00e7\u00e3o da CEB Distribuidora, celebrou os resultados depois de tr\u00eas anos do leil\u00e3o na Bolsa de Valores de S\u00e3o Paulo, que passou o servi\u00e7o para o setor privado. Na \u00e9poca, a CEB-D registrava uma d\u00edvida l\u00edquida de R$ 892 milh\u00f5es. Foi fixado o montante de R$ 1,423 bilh\u00e3o como pre\u00e7o m\u00ednimo de venda.<\/p>\n<p>No leil\u00e3o, em dezembro de 2020, a Neoenergia ganhou o processo com lance de R$ 2,515 bilh\u00f5es. Ou seja, um \u00e1gio de 76,3% sobre o valor inicial fixado.<\/p>\n<p><strong>Dividendos<\/strong><\/p>\n<p>A desestatiza\u00e7\u00e3o entrou para a hist\u00f3ria do setor el\u00e9trico brasileiro: realizada em tempo recorde, alcan\u00e7ou o maior m\u00faltiplo pre\u00e7o j\u00e1 obtido numa opera\u00e7\u00e3o de aliena\u00e7\u00e3o de distribuidora de energia el\u00e9trica. Foram distribu\u00eddos em torno de R$ 1,6 bilh\u00e3o em dividendos para o acionista controlador (GDF) e R$ 337,9 milh\u00f5es para os acionistas minorit\u00e1rios.<\/p>\n<p>A CEB hoje cuida da ilumina\u00e7\u00e3o p\u00fablica e vai investir na implanta\u00e7\u00e3o de luz de led em todo o DF at\u00e9 2026. No balan\u00e7o referente ao exerc\u00edcio de 2022, a companhia registou um lucro recorrente de R$ 203 milh\u00f5es. \u201cO resultado de tudo isso impacta diretamente a vida da popula\u00e7\u00e3o do DF, que agora conta com duas empresas saud\u00e1veis e com capacidade de investimento, cada uma em sua \u00e1rea de atua\u00e7\u00e3o: CEB e Neoenergia\u201d, destacou Edson Garcia.<\/p>\n","protected":false},"excerpt":{"rendered":"<p>Moderniza\u00e7\u00e3o do sistema e redu\u00e7\u00e3o de interrup\u00e7\u00f5es no fornecimento est\u00e3o entre os compromissos anunciados pela empresa em evento organizado pelo Grupo de Lideran\u00e7as Empresariais de Bras\u00edlia SAMANTA SALLUM CEO da Neonergia no Brasil, o espanhol Eduardo Capelastegui veio \u00e0 capital federal ontem especialmente para participar de evento organizado pelo Grupo de Lideran\u00e7as Empresariais de Bras\u00edlia (Lide). O executivo anunciou um [&hellip;]<\/p>\n","protected":false},"author":125,"featured_media":15930,"comment_status":"open","ping_status":"open","sticky":false,"template":"","format":"standard","meta":{"footnotes":""},"categories":[6],"tags":[1513,2194,203,642,654,116,1433,112],"class_list":["post-15925","post","type-post","status-publish","format-standard","has-post-thumbnail","hentry","category-coluna-capital-s-a","tag-energia","tag-fornecimento","tag-gdf","tag-ibaneisrocha","tag-investimento","tag-lide","tag-neoenergia","tag-paulooctavio"],"_links":{"self":[{"href":"https:\/\/blogs.correiobraziliense.com.br\/capital-sa\/wp-json\/wp\/v2\/posts\/15925","targetHints":{"allow":["GET"]}}],"collection":[{"href":"https:\/\/blogs.correiobraziliense.com.br\/capital-sa\/wp-json\/wp\/v2\/posts"}],"about":[{"href":"https:\/\/blogs.correiobraziliense.com.br\/capital-sa\/wp-json\/wp\/v2\/types\/post"}],"author":[{"embeddable":true,"href":"https:\/\/blogs.correiobraziliense.com.br\/capital-sa\/wp-json\/wp\/v2\/users\/125"}],"replies":[{"embeddable":true,"href":"https:\/\/blogs.correiobraziliense.com.br\/capital-sa\/wp-json\/wp\/v2\/comments?post=15925"}],"version-history":[{"count":7,"href":"https:\/\/blogs.correiobraziliense.com.br\/capital-sa\/wp-json\/wp\/v2\/posts\/15925\/revisions"}],"predecessor-version":[{"id":15936,"href":"https:\/\/blogs.correiobraziliense.com.br\/capital-sa\/wp-json\/wp\/v2\/posts\/15925\/revisions\/15936"}],"wp:featuredmedia":[{"embeddable":true,"href":"https:\/\/blogs.correiobraziliense.com.br\/capital-sa\/wp-json\/wp\/v2\/media\/15930"}],"wp:attachment":[{"href":"https:\/\/blogs.correiobraziliense.com.br\/capital-sa\/wp-json\/wp\/v2\/media?parent=15925"}],"wp:term":[{"taxonomy":"category","embeddable":true,"href":"https:\/\/blogs.correiobraziliense.com.br\/capital-sa\/wp-json\/wp\/v2\/categories?post=15925"},{"taxonomy":"post_tag","embeddable":true,"href":"https:\/\/blogs.correiobraziliense.com.br\/capital-sa\/wp-json\/wp\/v2\/tags?post=15925"}],"curies":[{"name":"wp","href":"https:\/\/api.w.org\/{rel}","templated":true}]}}