{"id":15907,"date":"2024-04-16T00:42:05","date_gmt":"2024-04-16T03:42:05","guid":{"rendered":"https:\/\/blogs.correiobraziliense.com.br\/capital-sa\/?p=15907"},"modified":"2024-04-16T11:43:17","modified_gmt":"2024-04-16T14:43:17","slug":"ministerio-dos-transportes-adere-ao-programa-pro-equidade","status":"publish","type":"post","link":"https:\/\/blogs.correiobraziliense.com.br\/capital-sa\/2024\/04\/16\/ministerio-dos-transportes-adere-ao-programa-pro-equidade\/","title":{"rendered":"Minist\u00e9rio dos Transportes adere ao Programa Pr\u00f3-Equidade"},"content":{"rendered":"<p><em>Doze institui\u00e7\u00f5es do setor de infraestrutura, incluindo a CNT, e todas as concession\u00e1rias de rodovias federais, assinaram o documento<\/em><\/p>\n<p class=\"p1\"><strong>Por Samanta Sallum\u00a0<\/strong><\/p>\n<p class=\"p1\"><span class=\"s1\">O ministro dos Transportes, Renan Filho, assinou com a ministra das Mulheres, Cida Gon\u00e7alves, protocolo de inten\u00e7\u00f5es para promover o Programa Pr\u00f3-Equidade de G\u00eanero e Ra\u00e7a.\u00a0O objetivo \u00e9 incentivar a igualdade em acesso, remunera\u00e7\u00e3o, ascens\u00e3o e perman\u00eancia no emprego nas ag\u00eancias reguladoras e empresas p\u00fablicas vinculadas ao minist\u00e9rio e em toda a rede de companhias que atuam direta e indiretamente na infraestrutura rodovi\u00e1ria, ferrovi\u00e1ria e log\u00edstica do pa\u00eds.<\/span><\/p>\n<p class=\"p1\"><strong><span class=\"s1\">Mulher no comando rodovi\u00e1rio<\/span><\/strong><\/p>\n<p class=\"p1\"><span class=\"s1\">\u201cN\u00e3o \u00e9 f\u00e1cil encontrar mulheres na \u00e1rea da infraestrutura. Encontrei a Viviane Esse, que \u00e9 a primeira secret\u00e1ria nacional de Transporte Rodovi\u00e1rio da hist\u00f3ria do pa\u00eds. Isso \u00e9 muito importante. Nunca uma mulher comandou toda a \u00e1rea rodovi\u00e1ria no Brasil\u201d, apontou o ministro.<\/span><\/p>\n<p class=\"p1\"><span class=\"s1\">No\u00a0evento, 12 institui\u00e7\u00f5es do setor de infraestrutura, incluindo a CNT, e todas as concession\u00e1rias de rodovias federais, assinaram documento de ades\u00e3o coletiva. \u201cMuitas empresas pediram para aderir. Poder participar dessa luta, que \u00e9 de todos n\u00f3s, nos enche de orgulho\u201d, ressaltou a secret\u00e1ria Viviane Esse.<\/span><\/p>\n<p><img loading=\"lazy\" decoding=\"async\" class=\"aligncenter size-medium wp-image-15912\" src=\"https:\/\/blogs.correiobraziliense.com.br\/capital-sa\/wp-content\/uploads\/sites\/59\/2024\/04\/749F264D-9497-4ECD-BC4A-D902E4231300-300x200.jpeg\" alt=\"\" width=\"300\" height=\"200\" srcset=\"https:\/\/blogs.correiobraziliense.com.br\/capital-sa\/wp-content\/uploads\/sites\/59\/2024\/04\/749F264D-9497-4ECD-BC4A-D902E4231300-300x200.jpeg 300w, https:\/\/blogs.correiobraziliense.com.br\/capital-sa\/wp-content\/uploads\/sites\/59\/2024\/04\/749F264D-9497-4ECD-BC4A-D902E4231300.jpeg 768w, https:\/\/blogs.correiobraziliense.com.br\/capital-sa\/wp-content\/uploads\/sites\/59\/2024\/04\/749F264D-9497-4ECD-BC4A-D902E4231300-550x367.jpeg 550w, https:\/\/blogs.correiobraziliense.com.br\/capital-sa\/wp-content\/uploads\/sites\/59\/2024\/04\/749F264D-9497-4ECD-BC4A-D902E4231300-230x153.jpeg 230w\" sizes=\"auto, (max-width: 300px) 100vw, 300px\" \/><\/p>\n<p class=\"p1\"><span class=\"s1\">De acordo com o IBGE, no Brasil, as mulheres recebem 22% a menos que os homens. A diferen\u00e7a \u00e9 ainda maior quando s\u00e3o considerados somente cargos de ger\u00eancia e diretoria: elas ganham apenas 61,9% do rendimento deles. As mulheres negras recebem, em m\u00e9dia, menos da metade do sal\u00e1rio de homens brancos (46%).<\/span><\/p>\n<p class=\"p1\"><span class=\"s1\">\u201cA assinatura deste documento \u00e9 fundamental, pois precisamos come\u00e7ar a participar das discuss\u00f5es n\u00e3o apenas nos governos, mas tamb\u00e9m nas empresas\u201d , conclamou a ministra das Mulheres, Cida Gon\u00e7alves.<\/span><\/p>\n","protected":false},"excerpt":{"rendered":"<p>Doze institui\u00e7\u00f5es do setor de infraestrutura, incluindo a CNT, e todas as concession\u00e1rias de rodovias federais, assinaram o documento Por Samanta Sallum\u00a0 O ministro dos Transportes, Renan Filho, assinou com a ministra das Mulheres, Cida Gon\u00e7alves, protocolo de inten\u00e7\u00f5es para promover o Programa Pr\u00f3-Equidade de G\u00eanero e Ra\u00e7a.\u00a0O objetivo \u00e9 incentivar a igualdade em acesso, remunera\u00e7\u00e3o, ascens\u00e3o e perman\u00eancia no [&hellip;]<\/p>\n","protected":false},"author":125,"featured_media":15911,"comment_status":"open","ping_status":"open","sticky":false,"template":"","format":"standard","meta":{"footnotes":""},"categories":[6],"tags":[2188,1524,2190,2189,2186,2187],"class_list":["post-15907","post","type-post","status-publish","format-standard","has-post-thumbnail","hentry","category-coluna-capital-s-a","tag-cnt","tag-ibge","tag-igualdade","tag-infraestrutura","tag-ministeriotransportes","tag-pro-equidade"],"_links":{"self":[{"href":"https:\/\/blogs.correiobraziliense.com.br\/capital-sa\/wp-json\/wp\/v2\/posts\/15907","targetHints":{"allow":["GET"]}}],"collection":[{"href":"https:\/\/blogs.correiobraziliense.com.br\/capital-sa\/wp-json\/wp\/v2\/posts"}],"about":[{"href":"https:\/\/blogs.correiobraziliense.com.br\/capital-sa\/wp-json\/wp\/v2\/types\/post"}],"author":[{"embeddable":true,"href":"https:\/\/blogs.correiobraziliense.com.br\/capital-sa\/wp-json\/wp\/v2\/users\/125"}],"replies":[{"embeddable":true,"href":"https:\/\/blogs.correiobraziliense.com.br\/capital-sa\/wp-json\/wp\/v2\/comments?post=15907"}],"version-history":[{"count":7,"href":"https:\/\/blogs.correiobraziliense.com.br\/capital-sa\/wp-json\/wp\/v2\/posts\/15907\/revisions"}],"predecessor-version":[{"id":15920,"href":"https:\/\/blogs.correiobraziliense.com.br\/capital-sa\/wp-json\/wp\/v2\/posts\/15907\/revisions\/15920"}],"wp:featuredmedia":[{"embeddable":true,"href":"https:\/\/blogs.correiobraziliense.com.br\/capital-sa\/wp-json\/wp\/v2\/media\/15911"}],"wp:attachment":[{"href":"https:\/\/blogs.correiobraziliense.com.br\/capital-sa\/wp-json\/wp\/v2\/media?parent=15907"}],"wp:term":[{"taxonomy":"category","embeddable":true,"href":"https:\/\/blogs.correiobraziliense.com.br\/capital-sa\/wp-json\/wp\/v2\/categories?post=15907"},{"taxonomy":"post_tag","embeddable":true,"href":"https:\/\/blogs.correiobraziliense.com.br\/capital-sa\/wp-json\/wp\/v2\/tags?post=15907"}],"curies":[{"name":"wp","href":"https:\/\/api.w.org\/{rel}","templated":true}]}}