{"id":15900,"date":"2024-04-16T01:29:16","date_gmt":"2024-04-16T04:29:16","guid":{"rendered":"https:\/\/blogs.correiobraziliense.com.br\/capital-sa\/?p=15900"},"modified":"2024-04-16T11:47:06","modified_gmt":"2024-04-16T14:47:06","slug":"grupo-nino-expande-com-terceira-operacao-em-brasilia","status":"publish","type":"post","link":"https:\/\/blogs.correiobraziliense.com.br\/capital-sa\/2024\/04\/16\/grupo-nino-expande-com-terceira-operacao-em-brasilia\/","title":{"rendered":"Grupo Nino expande com terceira opera\u00e7\u00e3o em Bras\u00edlia"},"content":{"rendered":"<p><em>XP Private Equity\u00a0aportou R$100 milh\u00f5es na empresa que administra bares e restaurantes<\/em><\/p>\n<p class=\"p1\"><strong><em>Por Samanta Sallum\u00a0<\/em><\/strong><\/p>\n<p class=\"p1\"><span class=\"s2\">O Grupo Alife Nino, conhecido por marcas como Nino Cucina, Da Marino, Tatu Bola e Boteco Boa Pra\u00e7a, acaba de anunciar duas grandes novidades: a integra\u00e7\u00e3o do Grupo Iraj\u00e1 e as marcas criadas pelo premiado chef Pedro de Artag\u00e3o, que assume a gastronomia dos bares da empresa. A segunda novidade \u00e9 que a Alife Nino adquire uma participa\u00e7\u00e3o minorit\u00e1ria do exclusivo Fame Osteria, do renomado chef italiano Marco Renzetti, que passa a comandar a cozinha do Nino Cucina. Em Bras\u00edlia, o grupo est\u00e1 prestes a inaugurar a terceira opera\u00e7\u00e3o, o restaurante de frutos do Mar Da Marino, em frente ao Nino na 403 Sul.<\/span><\/p>\n<p class=\"p1\"><span class=\"s2\">Com as adi\u00e7\u00f5es, a Alife Nino passa a ter um portf\u00f3lio com 17 marcas, sendo 7 de bares (Tatu Bola, Boteco Boa Pra\u00e7a, Tatuzinho, Eu Tu Eles, Rainha, Princesa e Toca do Tatu) e 10 de restaurantes (Nino Cucina, Da Marino, Giulietta carni all\u2019italiana, Ninetto, Forno da Pino, Peppino, Aquiles, Iraj\u00e1 Redux, Bastarda e Fame Osteria), somando 60 opera\u00e7\u00f5es pelo pa\u00eds, e com um ousado plano de expans\u00e3o que totaliza 87 estabelecimentos at\u00e9 o final de 2024.<\/span><\/p>\n<p class=\"p1\">Al\u00e9m de contar com uma participa\u00e7\u00e3o da XP Private Equity, que aportou R$100 milh\u00f5es na empresa em 2021, e um grupo de s\u00f3cios-investidores, tamb\u00e9m minorit\u00e1rios, a empresa continua a ser controlada pelos tr\u00eas principais s\u00f3cios: Pedro Silveira (presidente do Conselho e cofundador), Alessandro \u00c1vila (CEO, conselheiro e cofundador) e F\u00e1bio Isaack (conselheiro).<\/p>\n","protected":false},"excerpt":{"rendered":"<p>XP Private Equity\u00a0aportou R$100 milh\u00f5es na empresa que administra bares e restaurantes Por Samanta Sallum\u00a0 O Grupo Alife Nino, conhecido por marcas como Nino Cucina, Da Marino, Tatu Bola e Boteco Boa Pra\u00e7a, acaba de anunciar duas grandes novidades: a integra\u00e7\u00e3o do Grupo Iraj\u00e1 e as marcas criadas pelo premiado chef Pedro de Artag\u00e3o, que assume a gastronomia dos bares [&hellip;]<\/p>\n","protected":false},"author":125,"featured_media":15903,"comment_status":"open","ping_status":"open","sticky":false,"template":"","format":"standard","meta":{"footnotes":""},"categories":[6],"tags":[221,374,222,3],"class_list":["post-15900","post","type-post","status-publish","format-standard","has-post-thumbnail","hentry","category-coluna-capital-s-a","tag-bares","tag-expansao","tag-restaurantes","tag-gastronomia"],"_links":{"self":[{"href":"https:\/\/blogs.correiobraziliense.com.br\/capital-sa\/wp-json\/wp\/v2\/posts\/15900","targetHints":{"allow":["GET"]}}],"collection":[{"href":"https:\/\/blogs.correiobraziliense.com.br\/capital-sa\/wp-json\/wp\/v2\/posts"}],"about":[{"href":"https:\/\/blogs.correiobraziliense.com.br\/capital-sa\/wp-json\/wp\/v2\/types\/post"}],"author":[{"embeddable":true,"href":"https:\/\/blogs.correiobraziliense.com.br\/capital-sa\/wp-json\/wp\/v2\/users\/125"}],"replies":[{"embeddable":true,"href":"https:\/\/blogs.correiobraziliense.com.br\/capital-sa\/wp-json\/wp\/v2\/comments?post=15900"}],"version-history":[{"count":5,"href":"https:\/\/blogs.correiobraziliense.com.br\/capital-sa\/wp-json\/wp\/v2\/posts\/15900\/revisions"}],"predecessor-version":[{"id":15922,"href":"https:\/\/blogs.correiobraziliense.com.br\/capital-sa\/wp-json\/wp\/v2\/posts\/15900\/revisions\/15922"}],"wp:featuredmedia":[{"embeddable":true,"href":"https:\/\/blogs.correiobraziliense.com.br\/capital-sa\/wp-json\/wp\/v2\/media\/15903"}],"wp:attachment":[{"href":"https:\/\/blogs.correiobraziliense.com.br\/capital-sa\/wp-json\/wp\/v2\/media?parent=15900"}],"wp:term":[{"taxonomy":"category","embeddable":true,"href":"https:\/\/blogs.correiobraziliense.com.br\/capital-sa\/wp-json\/wp\/v2\/categories?post=15900"},{"taxonomy":"post_tag","embeddable":true,"href":"https:\/\/blogs.correiobraziliense.com.br\/capital-sa\/wp-json\/wp\/v2\/tags?post=15900"}],"curies":[{"name":"wp","href":"https:\/\/api.w.org\/{rel}","templated":true}]}}