{"id":15883,"date":"2024-04-12T15:19:49","date_gmt":"2024-04-12T18:19:49","guid":{"rendered":"https:\/\/blogs.correiobraziliense.com.br\/capital-sa\/?p=15883"},"modified":"2024-04-12T15:47:19","modified_gmt":"2024-04-12T18:47:19","slug":"participacao-recorde-nas-eleicoes-da-geap-saude","status":"publish","type":"post","link":"https:\/\/blogs.correiobraziliense.com.br\/capital-sa\/2024\/04\/12\/participacao-recorde-nas-eleicoes-da-geap-saude\/","title":{"rendered":"Participa\u00e7\u00e3o recorde nas elei\u00e7\u00f5es da Geap Sa\u00fade"},"content":{"rendered":"<p class=\"p1\"><strong>Por Samanta Sallum\u00a0<\/strong><\/p>\n<p class=\"p1\"><span class=\"s1\">A ex-deputada distrital e ex-secret\u00e1ria da Crian\u00e7a do Distrito Federal Rejane Pitanga presidiu, este ano, o maior processo de elei\u00e7\u00e3o da hist\u00f3ria da Geap Sa\u00fade. O pleito definiu os membros do Conselho de Administra\u00e7\u00e3o e Fiscal da operadora que atende servidores p\u00fablicos. No total, foram mais de 21 mil votos em todo o pa\u00eds,<span class=\"Apple-converted-space\">\u00a0 <\/span>antes com uma m\u00e9dia de participa\u00e7\u00e3o inferior a 10 mil votos.<br \/>\n<\/span><\/p>\n<p class=\"p1\"><span class=\"s1\">Nessa elei\u00e7\u00e3o, os assistidos da operadora escolheram 10 integrantes, entre titulares e suplentes, para um mandato de tr\u00eas anos, nos dois conselhos. <\/span><\/p>\n<p class=\"p1\"><span class=\"s1\">\u201cEsse crescimento s\u00f3 foi poss\u00edvel porque intensificamos a mobiliza\u00e7\u00e3o para o processo democr\u00e1tico na operadora. Acreditamos que a participa\u00e7\u00e3o maci\u00e7a dos benefici\u00e1rios \u00e9 a melhor forma de garantir a qualidade dos servi\u00e7os de sa\u00fade\u201d, avalia Rejane Pitanga.<br \/>\n<\/span><\/p>\n<p class=\"p1\"><span class=\"s1\">Rejane \u00e9 secret\u00e1ria executiva dos Conselhos de Administra\u00e7\u00e3o e Fiscal da Geap, desde novembro do ano passado, e permanece filiada ao PT. Professora da rede p\u00fablica do DF, ela foi forte lideran\u00e7a no Sinpro e na CUT. <\/span><\/p>\n","protected":false},"excerpt":{"rendered":"<p>Por Samanta Sallum\u00a0 A ex-deputada distrital e ex-secret\u00e1ria da Crian\u00e7a do Distrito Federal Rejane Pitanga presidiu, este ano, o maior processo de elei\u00e7\u00e3o da hist\u00f3ria da Geap Sa\u00fade. O pleito definiu os membros do Conselho de Administra\u00e7\u00e3o e Fiscal da operadora que atende servidores p\u00fablicos. No total, foram mais de 21 mil votos em todo o pa\u00eds,\u00a0 antes com uma [&hellip;]<\/p>\n","protected":false},"author":125,"featured_media":15886,"comment_status":"open","ping_status":"open","sticky":false,"template":"","format":"standard","meta":{"footnotes":""},"categories":[6],"tags":[408,855,2184,1168,280],"class_list":["post-15883","post","type-post","status-publish","format-standard","has-post-thumbnail","hentry","category-coluna-capital-s-a","tag-crescimento","tag-eleicao","tag-geap","tag-participacao","tag-saude"],"_links":{"self":[{"href":"https:\/\/blogs.correiobraziliense.com.br\/capital-sa\/wp-json\/wp\/v2\/posts\/15883","targetHints":{"allow":["GET"]}}],"collection":[{"href":"https:\/\/blogs.correiobraziliense.com.br\/capital-sa\/wp-json\/wp\/v2\/posts"}],"about":[{"href":"https:\/\/blogs.correiobraziliense.com.br\/capital-sa\/wp-json\/wp\/v2\/types\/post"}],"author":[{"embeddable":true,"href":"https:\/\/blogs.correiobraziliense.com.br\/capital-sa\/wp-json\/wp\/v2\/users\/125"}],"replies":[{"embeddable":true,"href":"https:\/\/blogs.correiobraziliense.com.br\/capital-sa\/wp-json\/wp\/v2\/comments?post=15883"}],"version-history":[{"count":5,"href":"https:\/\/blogs.correiobraziliense.com.br\/capital-sa\/wp-json\/wp\/v2\/posts\/15883\/revisions"}],"predecessor-version":[{"id":15891,"href":"https:\/\/blogs.correiobraziliense.com.br\/capital-sa\/wp-json\/wp\/v2\/posts\/15883\/revisions\/15891"}],"wp:featuredmedia":[{"embeddable":true,"href":"https:\/\/blogs.correiobraziliense.com.br\/capital-sa\/wp-json\/wp\/v2\/media\/15886"}],"wp:attachment":[{"href":"https:\/\/blogs.correiobraziliense.com.br\/capital-sa\/wp-json\/wp\/v2\/media?parent=15883"}],"wp:term":[{"taxonomy":"category","embeddable":true,"href":"https:\/\/blogs.correiobraziliense.com.br\/capital-sa\/wp-json\/wp\/v2\/categories?post=15883"},{"taxonomy":"post_tag","embeddable":true,"href":"https:\/\/blogs.correiobraziliense.com.br\/capital-sa\/wp-json\/wp\/v2\/tags?post=15883"}],"curies":[{"name":"wp","href":"https:\/\/api.w.org\/{rel}","templated":true}]}}