{"id":15877,"date":"2024-04-12T15:15:13","date_gmt":"2024-04-12T18:15:13","guid":{"rendered":"https:\/\/blogs.correiobraziliense.com.br\/capital-sa\/?p=15877"},"modified":"2024-04-12T15:43:44","modified_gmt":"2024-04-12T18:43:44","slug":"parceria-sejus-e-atelie-maria-virginia-para-casamento-comunitario","status":"publish","type":"post","link":"https:\/\/blogs.correiobraziliense.com.br\/capital-sa\/2024\/04\/12\/parceria-sejus-e-atelie-maria-virginia-para-casamento-comunitario\/","title":{"rendered":"Parceria Sejus e Ateli\u00ea Maria Virg\u00ednia para casamento comunit\u00e1rio"},"content":{"rendered":"<p class=\"p1\"><strong>Por Samanta Sallum\u00a0<\/strong><\/p>\n<p class=\"p1\"><span class=\"s2\">A 1\u00aa Edi\u00e7\u00e3o do Casamento Comunit\u00e1rio 2024 promovido pela Secretaria de Justi\u00e7a e Cidadania do Distrito Federal j\u00e1 tem data marcada. No dia 28 de abril, 50 casais v\u00e3o afirmar o t\u00e3o sonhado \u201csim\u201d em um dos cart\u00f5es-postais mais belos da capital do pa\u00eds, o Pont\u00e3o do Lago Sul. A secret\u00e1ria de Justi\u00e7a e Cidadania, Marcela Passamani, esteve no ateli\u00ea Maria Virg\u00ednia para receber a doa\u00e7\u00e3o de vestidos confeccionados pela estilista.<\/span><\/p>\n<p class=\"p1\"><span class=\"s2\">Maria Virg\u00ednia acompanhar\u00e1 todo o processo do Casamento Comunit\u00e1rio e ir\u00e1 ao Senac-DF , local onde as noivas se arrumam para a cerim\u00f4nia, para ajudar nas orienta\u00e7\u00f5es \u00e0s respons\u00e1veis por preparar as nubentes. H\u00e1 tamb\u00e9m a proposta de implementar oficinas para dar aporte ao futuro profissional a alunas do Senac dos cursos de moda e costura.<\/span><\/p>\n<p class=\"p1\"><span class=\"s2\">\u00a0<\/span>\u201cA cole\u00e7\u00e3o de vestidos \u00e9 deslumbrante. As noivas do Casamento Comunit\u00e1rio estar\u00e3o vestidas com verdadeiras obras de arte, que prometem tornar o dia especial de cada uma delas ainda mais memor\u00e1vel\u201d, celebrou Marcela.<\/p>\n","protected":false},"excerpt":{"rendered":"<p>Por Samanta Sallum\u00a0 A 1\u00aa Edi\u00e7\u00e3o do Casamento Comunit\u00e1rio 2024 promovido pela Secretaria de Justi\u00e7a e Cidadania do Distrito Federal j\u00e1 tem data marcada. No dia 28 de abril, 50 casais v\u00e3o afirmar o t\u00e3o sonhado \u201csim\u201d em um dos cart\u00f5es-postais mais belos da capital do pa\u00eds, o Pont\u00e3o do Lago Sul. A secret\u00e1ria de Justi\u00e7a e Cidadania, Marcela Passamani, [&hellip;]<\/p>\n","protected":false},"author":125,"featured_media":15882,"comment_status":"open","ping_status":"open","sticky":false,"template":"","format":"standard","meta":{"footnotes":""},"categories":[6],"tags":[2182,164,2183,2181,2160],"class_list":["post-15877","post","type-post","status-publish","format-standard","has-post-thumbnail","hentry","category-coluna-capital-s-a","tag-ateliemariavirginia","tag-casamento","tag-comunitario","tag-sejus","tag-senac-df"],"_links":{"self":[{"href":"https:\/\/blogs.correiobraziliense.com.br\/capital-sa\/wp-json\/wp\/v2\/posts\/15877","targetHints":{"allow":["GET"]}}],"collection":[{"href":"https:\/\/blogs.correiobraziliense.com.br\/capital-sa\/wp-json\/wp\/v2\/posts"}],"about":[{"href":"https:\/\/blogs.correiobraziliense.com.br\/capital-sa\/wp-json\/wp\/v2\/types\/post"}],"author":[{"embeddable":true,"href":"https:\/\/blogs.correiobraziliense.com.br\/capital-sa\/wp-json\/wp\/v2\/users\/125"}],"replies":[{"embeddable":true,"href":"https:\/\/blogs.correiobraziliense.com.br\/capital-sa\/wp-json\/wp\/v2\/comments?post=15877"}],"version-history":[{"count":6,"href":"https:\/\/blogs.correiobraziliense.com.br\/capital-sa\/wp-json\/wp\/v2\/posts\/15877\/revisions"}],"predecessor-version":[{"id":15889,"href":"https:\/\/blogs.correiobraziliense.com.br\/capital-sa\/wp-json\/wp\/v2\/posts\/15877\/revisions\/15889"}],"wp:featuredmedia":[{"embeddable":true,"href":"https:\/\/blogs.correiobraziliense.com.br\/capital-sa\/wp-json\/wp\/v2\/media\/15882"}],"wp:attachment":[{"href":"https:\/\/blogs.correiobraziliense.com.br\/capital-sa\/wp-json\/wp\/v2\/media?parent=15877"}],"wp:term":[{"taxonomy":"category","embeddable":true,"href":"https:\/\/blogs.correiobraziliense.com.br\/capital-sa\/wp-json\/wp\/v2\/categories?post=15877"},{"taxonomy":"post_tag","embeddable":true,"href":"https:\/\/blogs.correiobraziliense.com.br\/capital-sa\/wp-json\/wp\/v2\/tags?post=15877"}],"curies":[{"name":"wp","href":"https:\/\/api.w.org\/{rel}","templated":true}]}}