{"id":15862,"date":"2024-04-09T22:56:05","date_gmt":"2024-04-10T01:56:05","guid":{"rendered":"https:\/\/blogs.correiobraziliense.com.br\/capital-sa\/?p=15862"},"modified":"2024-04-10T07:18:12","modified_gmt":"2024-04-10T10:18:12","slug":"lula-prorroga-isencao-de-vistos-a-turistas-de-eua-canada-e-australia","status":"publish","type":"post","link":"https:\/\/blogs.correiobraziliense.com.br\/capital-sa\/2024\/04\/09\/lula-prorroga-isencao-de-vistos-a-turistas-de-eua-canada-e-australia\/","title":{"rendered":"Lula prorroga isen\u00e7\u00e3o de vistos a turistas de EUA, Canad\u00e1 e Austr\u00e1lia"},"content":{"rendered":"<p class=\"p1\"><strong>Por Samanta Sallum\u00a0<\/strong><\/p>\n<p class=\"p3\"><span class=\"s2\">O presidente Lula assinou decreto que prorroga a isen\u00e7\u00e3o de vistos a turistas de Canad\u00e1, Estados Unidos e Austr\u00e1lia. A medida saiu publicada agora \u00e0 noite em edi\u00e7\u00e3o extra do Di\u00e1rio Oficial da Uni\u00e3o (DOU). Pelo decreto, os vistos voltar\u00e3o a ser exigidos somente a partir de 10 de abril de 2025. A volta da exig\u00eancia passaria a valer a partir de 10 de abril, nesta quarta-feira.<\/span><\/p>\n<p class=\"p3\"><span class=\"s2\">A mudan\u00e7a foi unilateral, porque os brasileiros continuaram precisando de visto para viajar para esses pa\u00edses, com exce\u00e7\u00e3o do Jap\u00e3o que, em maio do ano passado, firmou acordo para a isen\u00e7\u00e3o rec\u00edproca.<\/span><\/p>\n<p class=\"p3\"><span class=\"s2\">A prorroga\u00e7\u00e3o, publicada em edi\u00e7\u00e3o extra, faz parte de um acordo articulado na C\u00e2mara dos Deputados em 27 de mar\u00e7o.<\/span><\/p>\n<p class=\"p1\"><span class=\"s1\">Para evitar uma derrota do governo no plen\u00e1rio quando se analisava um projeto para derrubar a volta da exig\u00eancia, o vice-l\u00edder do governo,<span class=\"Apple-converted-space\">\u00a0<\/span>Alencar Santana (PT-SP), articulou um acordo. O plen\u00e1rio n\u00e3o votaria o projeto naquele dia garantindo que o governo faria um decreto para estender a isen\u00e7\u00e3o.<\/span><\/p>\n<p class=\"p1\"><span class=\"s1\"> Os deputados j\u00e1 estavam mobilizados para votar o projeto para derrubar a exig\u00eancia dos vistos, caso Lula n\u00e3o o assinasse. O governo Bolsonaro tinha liberado a entrada dos turistas dos referidos pa\u00edses no Brasil sem necessidade de visto. Por n\u00e3o ter ocorrido reciprocidade, o governo Lula quer o retorno da exig\u00eancia e tinha definido que, a partir de agora, ela voltaria. Mas teve de recuar e dar mais prazo para n\u00e3o perder a batalha no Congresso.<\/span><\/p>\n<p><strong>Embratur<\/strong><\/p>\n<p class=\"p3\"><span class=\"s2\">A Embratur j\u00e1 iniciou uma estrat\u00e9gia de divulga\u00e7\u00e3o internacional dos efeitos do Decreto n\u00ba 11.982, que adia para 10 de abril de 2025 o in\u00edcio da cobran\u00e7a dos vistos. A Ag\u00eancia mant\u00e9m contato com imprensa, companhias a\u00e9reas, associa\u00e7\u00f5es de operadores e ag\u00eancias de turismo dos tr\u00eas pa\u00edses.<\/span><\/p>\n<p class=\"p3\"><span class=\"s2\">\u201cA Embratur destaca a import\u00e2ncia da decis\u00e3o do governo para a manuten\u00e7\u00e3o do crescimento na chegada de turistas estrangeiros desses mercados internacionais, notadamente os Estados Unidos, segundo maior emissor para o Brasil em 2023, com 668.478 turistas (11,31% do total). Nos dois primeiros meses de 2024, a chegada de norte-americanos ao Brasil foi 11% superior ao mesmo per\u00edodo do ano anterior\u201d, informou o \u00f3rg\u00e3o.<\/span><\/p>\n","protected":false},"excerpt":{"rendered":"<p>Por Samanta Sallum\u00a0 O presidente Lula assinou decreto que prorroga a isen\u00e7\u00e3o de vistos a turistas de Canad\u00e1, Estados Unidos e Austr\u00e1lia. A medida saiu publicada agora \u00e0 noite em edi\u00e7\u00e3o extra do Di\u00e1rio Oficial da Uni\u00e3o (DOU). Pelo decreto, os vistos voltar\u00e3o a ser exigidos somente a partir de 10 de abril de 2025. A volta da exig\u00eancia passaria [&hellip;]<\/p>\n","protected":false},"author":125,"featured_media":0,"comment_status":"open","ping_status":"open","sticky":false,"template":"","format":"standard","meta":{"footnotes":""},"categories":[6],"tags":[741,2179,1989,1427,333],"class_list":["post-15862","post","type-post","status-publish","format-standard","hentry","category-coluna-capital-s-a","tag-decreto","tag-dou","tag-embratur","tag-prorrogacao","tag-turismo"],"_links":{"self":[{"href":"https:\/\/blogs.correiobraziliense.com.br\/capital-sa\/wp-json\/wp\/v2\/posts\/15862","targetHints":{"allow":["GET"]}}],"collection":[{"href":"https:\/\/blogs.correiobraziliense.com.br\/capital-sa\/wp-json\/wp\/v2\/posts"}],"about":[{"href":"https:\/\/blogs.correiobraziliense.com.br\/capital-sa\/wp-json\/wp\/v2\/types\/post"}],"author":[{"embeddable":true,"href":"https:\/\/blogs.correiobraziliense.com.br\/capital-sa\/wp-json\/wp\/v2\/users\/125"}],"replies":[{"embeddable":true,"href":"https:\/\/blogs.correiobraziliense.com.br\/capital-sa\/wp-json\/wp\/v2\/comments?post=15862"}],"version-history":[{"count":7,"href":"https:\/\/blogs.correiobraziliense.com.br\/capital-sa\/wp-json\/wp\/v2\/posts\/15862\/revisions"}],"predecessor-version":[{"id":15869,"href":"https:\/\/blogs.correiobraziliense.com.br\/capital-sa\/wp-json\/wp\/v2\/posts\/15862\/revisions\/15869"}],"wp:attachment":[{"href":"https:\/\/blogs.correiobraziliense.com.br\/capital-sa\/wp-json\/wp\/v2\/media?parent=15862"}],"wp:term":[{"taxonomy":"category","embeddable":true,"href":"https:\/\/blogs.correiobraziliense.com.br\/capital-sa\/wp-json\/wp\/v2\/categories?post=15862"},{"taxonomy":"post_tag","embeddable":true,"href":"https:\/\/blogs.correiobraziliense.com.br\/capital-sa\/wp-json\/wp\/v2\/tags?post=15862"}],"curies":[{"name":"wp","href":"https:\/\/api.w.org\/{rel}","templated":true}]}}