{"id":15852,"date":"2024-04-09T15:44:35","date_gmt":"2024-04-09T18:44:35","guid":{"rendered":"https:\/\/blogs.correiobraziliense.com.br\/capital-sa\/?p=15852"},"modified":"2024-04-09T18:00:26","modified_gmt":"2024-04-09T21:00:26","slug":"curso-para-empreender-chega-a-aldeias-indigenas","status":"publish","type":"post","link":"https:\/\/blogs.correiobraziliense.com.br\/capital-sa\/2024\/04\/09\/curso-para-empreender-chega-a-aldeias-indigenas\/","title":{"rendered":"Curso para empreender chega a aldeias ind\u00edgenas"},"content":{"rendered":"<p><em>Projeto de Sebrae chega pela primeira vez a esse perfil de comunidades. Ser\u00e1 no MS, que concentra a terceira maior popula\u00e7\u00e3o de \u00edndios do pa\u00eds<\/em><\/p>\n<p class=\"p1\"><strong>Por Samanta Sallum\u00a0<\/strong><\/p>\n<p class=\"p1\"><span class=\"s1\">Distante 12 quil\u00f4metros da cidade de Brasil\u00e2ndia, na regi\u00e3o Costa-Leste de Mato Grosso do Sul, a aldeia Ofai\u00e9, que conta atualmente com 106 integrantes, receber\u00e1 a primeira edi\u00e7\u00e3o do curso Empretec, do Sebrae, voltado a um p\u00fablico ind\u00edgena. A capacita\u00e7\u00e3o para<span class=\"Apple-converted-space\">\u00a0<\/span>desenvolver as caracter\u00edsticas empreendedoras ser\u00e1 aplicada entre os dias 8 e 13 de abril, exclusivamente a um grupo de mulheres artes\u00e3s da comunidade, que realiza trabalhos manuais com tecidos. <\/span><\/p>\n<p class=\"p1\"><span class=\"s1\">Pela relev\u00e2ncia da a\u00e7\u00e3o, na sexta-feira, o presidente do Sebrae Nacional, D\u00e9cio Lima, far\u00e1 uma visita t\u00e9cnica ao local para conhecer as atividades e as participantes. Mato Grosso do Sul ser\u00e1 o 18\u00ba estado visitado por ele no projeto \u201cSebrae pelo Brasil\u201d, cuja programa\u00e7\u00e3o tamb\u00e9m inclui agenda na capital, Campo Grande.<\/span><\/p>\n<p class=\"p1\"><span class=\"s1\">MS possui hoje a terceira maior popula\u00e7\u00e3o ind\u00edgena do pa\u00eds, com mais de 116 mil indiv\u00edduos, segundo IBGE. Essa popula\u00e7\u00e3o cresceu 51% entre os anos de 2010 e 2022 no estado. O curso Empretec foi levado a Brasil\u00e2ndia no formato \u201cRural\u201d por meio do programa Cidade Empreendedora, iniciativa do Sebrae\/MS realizada em parceria com a Prefeitura Municipal para a transforma\u00e7\u00e3o da economia local. <\/span><\/p>\n","protected":false},"excerpt":{"rendered":"<p>Projeto de Sebrae chega pela primeira vez a esse perfil de comunidades. Ser\u00e1 no MS, que concentra a terceira maior popula\u00e7\u00e3o de \u00edndios do pa\u00eds Por Samanta Sallum\u00a0 Distante 12 quil\u00f4metros da cidade de Brasil\u00e2ndia, na regi\u00e3o Costa-Leste de Mato Grosso do Sul, a aldeia Ofai\u00e9, que conta atualmente com 106 integrantes, receber\u00e1 a primeira edi\u00e7\u00e3o do curso Empretec, do [&hellip;]<\/p>\n","protected":false},"author":125,"featured_media":15858,"comment_status":"open","ping_status":"open","sticky":false,"template":"","format":"standard","meta":{"footnotes":""},"categories":[6],"tags":[2178,1524,2177,2176,1790,50],"class_list":["post-15852","post","type-post","status-publish","format-standard","has-post-thumbnail","hentry","category-coluna-capital-s-a","tag-empretec","tag-ibge","tag-odeiaofaie","tag-povos","tag-indigenas","tag-sebrae"],"_links":{"self":[{"href":"https:\/\/blogs.correiobraziliense.com.br\/capital-sa\/wp-json\/wp\/v2\/posts\/15852","targetHints":{"allow":["GET"]}}],"collection":[{"href":"https:\/\/blogs.correiobraziliense.com.br\/capital-sa\/wp-json\/wp\/v2\/posts"}],"about":[{"href":"https:\/\/blogs.correiobraziliense.com.br\/capital-sa\/wp-json\/wp\/v2\/types\/post"}],"author":[{"embeddable":true,"href":"https:\/\/blogs.correiobraziliense.com.br\/capital-sa\/wp-json\/wp\/v2\/users\/125"}],"replies":[{"embeddable":true,"href":"https:\/\/blogs.correiobraziliense.com.br\/capital-sa\/wp-json\/wp\/v2\/comments?post=15852"}],"version-history":[{"count":7,"href":"https:\/\/blogs.correiobraziliense.com.br\/capital-sa\/wp-json\/wp\/v2\/posts\/15852\/revisions"}],"predecessor-version":[{"id":15861,"href":"https:\/\/blogs.correiobraziliense.com.br\/capital-sa\/wp-json\/wp\/v2\/posts\/15852\/revisions\/15861"}],"wp:featuredmedia":[{"embeddable":true,"href":"https:\/\/blogs.correiobraziliense.com.br\/capital-sa\/wp-json\/wp\/v2\/media\/15858"}],"wp:attachment":[{"href":"https:\/\/blogs.correiobraziliense.com.br\/capital-sa\/wp-json\/wp\/v2\/media?parent=15852"}],"wp:term":[{"taxonomy":"category","embeddable":true,"href":"https:\/\/blogs.correiobraziliense.com.br\/capital-sa\/wp-json\/wp\/v2\/categories?post=15852"},{"taxonomy":"post_tag","embeddable":true,"href":"https:\/\/blogs.correiobraziliense.com.br\/capital-sa\/wp-json\/wp\/v2\/tags?post=15852"}],"curies":[{"name":"wp","href":"https:\/\/api.w.org\/{rel}","templated":true}]}}