{"id":15819,"date":"2024-04-04T13:31:16","date_gmt":"2024-04-04T16:31:16","guid":{"rendered":"https:\/\/blogs.correiobraziliense.com.br\/capital-sa\/?p=15819"},"modified":"2024-04-04T16:36:07","modified_gmt":"2024-04-04T19:36:07","slug":"sebrae-df-quer-assumir-pavilhao-de-exposicoes-do-parque-da-cidade","status":"publish","type":"post","link":"https:\/\/blogs.correiobraziliense.com.br\/capital-sa\/2024\/04\/04\/sebrae-df-quer-assumir-pavilhao-de-exposicoes-do-parque-da-cidade\/","title":{"rendered":"Sebrae-DF quer assumir Pavilh\u00e3o de Exposi\u00e7\u00f5es do Parque da Cidade"},"content":{"rendered":"<p><em>Em visita por projetos de Bras\u00edlia, presidente nacional da entidade, D\u00e9cio Lima, visitou o local com a superintendente regional, Rose Rainha<\/em><\/p>\n<p class=\"p1\"><strong>Por Samanta Sallum\u00a0<\/strong><\/p>\n<p class=\"p1\">Est\u00e3o avan\u00e7adas as tratativas do Sebrae local com o GDF para ter a concess\u00e3o de uso do Pavilh\u00e3o de Exposi\u00e7\u00f5es de Bras\u00edlia. Um grupo de representantes da entidade, do governo e do setor de turismo se reuniu no espa\u00e7o, que fica no Parque da Cidade, para refor\u00e7ar apoio \u00e0 iniciativa. A superintendente regional do Sebrae, Rose Rainha, levou na ter\u00e7a-feira o presidente nacional da entidade, D\u00e9cio Lima, para conhecer os detalhes da ideia.<\/p>\n<p class=\"p1\">Participaram do encontro o secret\u00e1rios de Governo, Jos\u00e9 Humberto Pires ; de Turismo, Cristiano Ara\u00fajo; e de Esporte, Renato Junqueira, o deputado J\u00falio C\u00e9sar (Republicanos), entre outros. O\u00a0presidente da Fibra, Jamal Bittar, tamb\u00e9m se juntou ao grupo.<\/p>\n<p class=\"p1\">\u201cEstamos fazendo o estudo de viabilidade econ\u00f4mica \u00a0para o projeto. A ideia \u00e9 assumirmos o espa\u00e7o, ajudando na revitaliza\u00e7\u00e3o do local. E, assim, colocar em pr\u00e1tica todo o potencial que o pavilh\u00e3o tem de movimentar a economia do DF. Podemos trazer para Bras\u00edlia feiras internacionais, al\u00e9m de dar mais espa\u00e7o ao que \u00e9 realizado pelos empreendedores locais\u201d, explicou Rose.<\/p>\n<p class=\"p1\">D\u00e9cio Lima avaliou a iniciativa como positiva. \u201cO pavilh\u00e3o pode aquecer a cadeia do turismo, que \u00e9 um setor nosso, onde pequenos empres\u00e1rios atuam\u201d, disse.<\/p>\n<p class=\"p1\"><strong><span class=\"s1\">Ceil\u00e2ndia em alta <\/span><\/strong><\/p>\n<p class=\"p1\"><span class=\"s1\">Depois de visitar o Pavilh\u00e3o, D\u00e9cio Lima participou de um almo\u00e7o na sede do Sebrae-DF, no SIA. Contou que \u00e9 um \u201capaixonado\u201d por Bras\u00edlia, que morou muitos anos aqui. Ele veio para a capital em 1978. \u201cAdoro. Aqui encontramos todas culturas do pa\u00eds. E eu morei em Ceil\u00e2ndia\u201d, celebrou.<br \/>\n<\/span><\/p>\n<p><img loading=\"lazy\" decoding=\"async\" class=\"aligncenter size-medium wp-image-15825\" src=\"https:\/\/blogs.correiobraziliense.com.br\/capital-sa\/wp-content\/uploads\/sites\/59\/2024\/04\/4DB9970C-0420-4C71-A7AD-A337DC2F9DB1-300x205.jpeg\" alt=\"\" width=\"300\" height=\"205\" srcset=\"https:\/\/blogs.correiobraziliense.com.br\/capital-sa\/wp-content\/uploads\/sites\/59\/2024\/04\/4DB9970C-0420-4C71-A7AD-A337DC2F9DB1-300x205.jpeg 300w, https:\/\/blogs.correiobraziliense.com.br\/capital-sa\/wp-content\/uploads\/sites\/59\/2024\/04\/4DB9970C-0420-4C71-A7AD-A337DC2F9DB1-768x525.jpeg 768w, https:\/\/blogs.correiobraziliense.com.br\/capital-sa\/wp-content\/uploads\/sites\/59\/2024\/04\/4DB9970C-0420-4C71-A7AD-A337DC2F9DB1-1024x700.jpeg 1024w, https:\/\/blogs.correiobraziliense.com.br\/capital-sa\/wp-content\/uploads\/sites\/59\/2024\/04\/4DB9970C-0420-4C71-A7AD-A337DC2F9DB1-1440x985.jpeg 1440w, https:\/\/blogs.correiobraziliense.com.br\/capital-sa\/wp-content\/uploads\/sites\/59\/2024\/04\/4DB9970C-0420-4C71-A7AD-A337DC2F9DB1-800x547.jpeg 800w, https:\/\/blogs.correiobraziliense.com.br\/capital-sa\/wp-content\/uploads\/sites\/59\/2024\/04\/4DB9970C-0420-4C71-A7AD-A337DC2F9DB1-550x376.jpeg 550w, https:\/\/blogs.correiobraziliense.com.br\/capital-sa\/wp-content\/uploads\/sites\/59\/2024\/04\/4DB9970C-0420-4C71-A7AD-A337DC2F9DB1-230x157.jpeg 230w\" sizes=\"auto, (max-width: 300px) 100vw, 300px\" \/><\/p>\n<p>Filiado ao PT e ex-candidato ao governo de Santa Catarina, D\u00e9cio confraternizou com o colega de partido, Chico Vigilante, que \u00e9 morador de Ceil\u00e2ndia e tamb\u00e9m estava no almo\u00e7o. O petista do DF sugeriu que D\u00e9cio realize em Ceil\u00e2ndia o lan\u00e7amento oficial do programa Decola Brasil.<\/p>\n<p class=\"p1\"><strong><span class=\"s1\">Fundo de Aval<\/span><\/strong><\/p>\n<p class=\"p1\"><span class=\"s1\">O programa Decola Brasil ser\u00e1 lan\u00e7ado em breve pelo Sebrae nacional em parceria com o governo federal. O objetivo \u00e9 promover condi\u00e7\u00f5es de garantia para alavancar R$ 30 bilh\u00f5es em cr\u00e9dito para os pequenos empres\u00e1rios \u2013 o maior valor nos \u00faltimos 28 anos.<br \/>\n<\/span><\/p>\n<p class=\"p1\"><span class=\"s1\">\u201cTemos um cadastro de seis milh\u00f5es de micro e pequenas empresas que est\u00e3o sem cr\u00e9dito. Vamos resolver esse problema com a garantia desses recursos, com o nosso Fundo de Aval\u201d, destacou D\u00e9cio Lima. E ser\u00e1 uma lideran\u00e7a local do setor o respons\u00e1vel por fazer a gest\u00e3o deste Fundo, o ex-superintendente regional do Sebrae-DF, Valdir Oliveira, que agora est\u00e1 na entidade nacional. <\/span><\/p>\n","protected":false},"excerpt":{"rendered":"<p>Em visita por projetos de Bras\u00edlia, presidente nacional da entidade, D\u00e9cio Lima, visitou o local com a superintendente regional, Rose Rainha Por Samanta Sallum\u00a0 Est\u00e3o avan\u00e7adas as tratativas do Sebrae local com o GDF para ter a concess\u00e3o de uso do Pavilh\u00e3o de Exposi\u00e7\u00f5es de Bras\u00edlia. Um grupo de representantes da entidade, do governo e do setor de turismo se [&hellip;]<\/p>\n","protected":false},"author":125,"featured_media":15822,"comment_status":"open","ping_status":"open","sticky":false,"template":"","format":"standard","meta":{"footnotes":""},"categories":[6],"tags":[449,2169,203,2168,191,71],"class_list":["post-15819","post","type-post","status-publish","format-standard","has-post-thumbnail","hentry","category-coluna-capital-s-a","tag-449","tag-decolabrasil","tag-gdf","tag-pavilhao","tag-sebraedf","tag-fibra"],"_links":{"self":[{"href":"https:\/\/blogs.correiobraziliense.com.br\/capital-sa\/wp-json\/wp\/v2\/posts\/15819","targetHints":{"allow":["GET"]}}],"collection":[{"href":"https:\/\/blogs.correiobraziliense.com.br\/capital-sa\/wp-json\/wp\/v2\/posts"}],"about":[{"href":"https:\/\/blogs.correiobraziliense.com.br\/capital-sa\/wp-json\/wp\/v2\/types\/post"}],"author":[{"embeddable":true,"href":"https:\/\/blogs.correiobraziliense.com.br\/capital-sa\/wp-json\/wp\/v2\/users\/125"}],"replies":[{"embeddable":true,"href":"https:\/\/blogs.correiobraziliense.com.br\/capital-sa\/wp-json\/wp\/v2\/comments?post=15819"}],"version-history":[{"count":8,"href":"https:\/\/blogs.correiobraziliense.com.br\/capital-sa\/wp-json\/wp\/v2\/posts\/15819\/revisions"}],"predecessor-version":[{"id":15841,"href":"https:\/\/blogs.correiobraziliense.com.br\/capital-sa\/wp-json\/wp\/v2\/posts\/15819\/revisions\/15841"}],"wp:featuredmedia":[{"embeddable":true,"href":"https:\/\/blogs.correiobraziliense.com.br\/capital-sa\/wp-json\/wp\/v2\/media\/15822"}],"wp:attachment":[{"href":"https:\/\/blogs.correiobraziliense.com.br\/capital-sa\/wp-json\/wp\/v2\/media?parent=15819"}],"wp:term":[{"taxonomy":"category","embeddable":true,"href":"https:\/\/blogs.correiobraziliense.com.br\/capital-sa\/wp-json\/wp\/v2\/categories?post=15819"},{"taxonomy":"post_tag","embeddable":true,"href":"https:\/\/blogs.correiobraziliense.com.br\/capital-sa\/wp-json\/wp\/v2\/tags?post=15819"}],"curies":[{"name":"wp","href":"https:\/\/api.w.org\/{rel}","templated":true}]}}