{"id":15799,"date":"2024-03-28T15:03:52","date_gmt":"2024-03-28T18:03:52","guid":{"rendered":"https:\/\/blogs.correiobraziliense.com.br\/capital-sa\/?p=15799"},"modified":"2024-03-28T16:41:29","modified_gmt":"2024-03-28T19:41:29","slug":"acordo-envolvendo-visa-e-mastercard-nos-eua-abre-precedente-no-brasil","status":"publish","type":"post","link":"https:\/\/blogs.correiobraziliense.com.br\/capital-sa\/2024\/03\/28\/acordo-envolvendo-visa-e-mastercard-nos-eua-abre-precedente-no-brasil\/","title":{"rendered":"Acordo envolvendo Visa e Mastercard nos EUA abre precedente no Brasil"},"content":{"rendered":"<p class=\"p1\"><strong>\/Por Samanta Sallum\u00a0<\/strong><\/p>\n<p class=\"p1\"><span class=\"s1\">A Abrasel acompanha com aten\u00e7\u00e3o a recente decis\u00e3o envolvendo as gigantes de cart\u00f5es de cr\u00e9dito Visa e Mastercard, que concordaram em um acordo hist\u00f3rico com os comerciantes dos Estados Unidos. Ela p\u00f5e fim a uma disputa judicial que se arrastava por quase duas d\u00e9cadas, relacionada \u00e0s taxas de interc\u00e2mbio, tamb\u00e9m conhecidas como &#8220;swipe fees&#8221;, cobradas aos lojistas a cada transa\u00e7\u00e3o realizada com cart\u00e3o de cr\u00e9dito.<br \/>\n<\/span><\/p>\n<p class=\"p1\"><span class=\"s1\">A decis\u00e3o deve representar, nos pr\u00f3ximos cinco anos, cerca de 30 bilh\u00f5es de d\u00f3lares de redu\u00e7\u00e3o em tarifas para os lojistas americanos.<\/span><\/p>\n<p class=\"p1\"><span class=\"s1\">A medida<span class=\"Apple-converted-space\">\u00a0<\/span>foi vista com otimismo pela Abrasel. \u201cEsse acordo pode servir como um precedente importante para discuss\u00f5es semelhantes em outros pa\u00edses, incluindo o Brasil. A esperan\u00e7a \u00e9 de que este caso inspire mudan\u00e7as nas pol\u00edticas de cobran\u00e7a de taxas de cart\u00e3o de cr\u00e9dito, tornando o ambiente de neg\u00f3cios mais justo e sustent\u00e1vel para os empreendedores\u201d, explica o presidente da Abrasel, Paulo Solmucci.<\/span><\/p>\n<p class=\"p1\"><span class=\"s1\"> Para ele, a mudan\u00e7a acompanharia uma tend\u00eancia, pois j\u00e1 houve a a\u00e7\u00e3o do Banco Central em rela\u00e7\u00e3o aos cart\u00f5es de d\u00e9bito e pr\u00e9-pagos.<\/span><\/p>\n","protected":false},"excerpt":{"rendered":"<p>\/Por Samanta Sallum\u00a0 A Abrasel acompanha com aten\u00e7\u00e3o a recente decis\u00e3o envolvendo as gigantes de cart\u00f5es de cr\u00e9dito Visa e Mastercard, que concordaram em um acordo hist\u00f3rico com os comerciantes dos Estados Unidos. Ela p\u00f5e fim a uma disputa judicial que se arrastava por quase duas d\u00e9cadas, relacionada \u00e0s taxas de interc\u00e2mbio, tamb\u00e9m conhecidas como &#8220;swipe fees&#8221;, cobradas aos lojistas [&hellip;]<\/p>\n","protected":false},"author":125,"featured_media":15802,"comment_status":"open","ping_status":"open","sticky":false,"template":"","format":"standard","meta":{"footnotes":""},"categories":[6],"tags":[712,1038,2162,2161],"class_list":["post-15799","post","type-post","status-publish","format-standard","has-post-thumbnail","hentry","category-coluna-capital-s-a","tag-abrasel","tag-cartaodecredito","tag-mastercard","tag-visa"],"_links":{"self":[{"href":"https:\/\/blogs.correiobraziliense.com.br\/capital-sa\/wp-json\/wp\/v2\/posts\/15799","targetHints":{"allow":["GET"]}}],"collection":[{"href":"https:\/\/blogs.correiobraziliense.com.br\/capital-sa\/wp-json\/wp\/v2\/posts"}],"about":[{"href":"https:\/\/blogs.correiobraziliense.com.br\/capital-sa\/wp-json\/wp\/v2\/types\/post"}],"author":[{"embeddable":true,"href":"https:\/\/blogs.correiobraziliense.com.br\/capital-sa\/wp-json\/wp\/v2\/users\/125"}],"replies":[{"embeddable":true,"href":"https:\/\/blogs.correiobraziliense.com.br\/capital-sa\/wp-json\/wp\/v2\/comments?post=15799"}],"version-history":[{"count":4,"href":"https:\/\/blogs.correiobraziliense.com.br\/capital-sa\/wp-json\/wp\/v2\/posts\/15799\/revisions"}],"predecessor-version":[{"id":15804,"href":"https:\/\/blogs.correiobraziliense.com.br\/capital-sa\/wp-json\/wp\/v2\/posts\/15799\/revisions\/15804"}],"wp:featuredmedia":[{"embeddable":true,"href":"https:\/\/blogs.correiobraziliense.com.br\/capital-sa\/wp-json\/wp\/v2\/media\/15802"}],"wp:attachment":[{"href":"https:\/\/blogs.correiobraziliense.com.br\/capital-sa\/wp-json\/wp\/v2\/media?parent=15799"}],"wp:term":[{"taxonomy":"category","embeddable":true,"href":"https:\/\/blogs.correiobraziliense.com.br\/capital-sa\/wp-json\/wp\/v2\/categories?post=15799"},{"taxonomy":"post_tag","embeddable":true,"href":"https:\/\/blogs.correiobraziliense.com.br\/capital-sa\/wp-json\/wp\/v2\/tags?post=15799"}],"curies":[{"name":"wp","href":"https:\/\/api.w.org\/{rel}","templated":true}]}}