{"id":15790,"date":"2024-03-27T14:34:38","date_gmt":"2024-03-27T17:34:38","guid":{"rendered":"https:\/\/blogs.correiobraziliense.com.br\/capital-sa\/?p=15790"},"modified":"2024-03-27T17:39:07","modified_gmt":"2024-03-27T20:39:07","slug":"secretario-de-governo-anuncia-novas-obras-no-df","status":"publish","type":"post","link":"https:\/\/blogs.correiobraziliense.com.br\/capital-sa\/2024\/03\/27\/secretario-de-governo-anuncia-novas-obras-no-df\/","title":{"rendered":"Secret\u00e1rio de Governo anuncia novas obras no DF"},"content":{"rendered":"<p class=\"p1\"><strong>Por Samanta Sallum\u00a0<\/strong><\/p>\n<p class=\"p1\"><span class=\"s1\">Convidado pelo presidente do Sistema Fecom\u00e9rcio-DF, Jos\u00e9 Aparecido Freire, o secret\u00e1rio de Governo do DF, Jos\u00e9 Humberto Pires, participou ontem da reuni\u00e3o de diretoria da federa\u00e7\u00e3o.\u00a0<\/span>Ele informou que o investimento atual em infraestrutura chega a R$ 2,497 bilh\u00f5es. E anunciou a constru\u00e7\u00e3o do pavimento r\u00edgido da EPNB, que ir\u00e1 de Samambaia at\u00e9 o Park Shopping. \u201cVamos aumentar uma via e vamos transformar tudo em pavimento r\u00edgido, como foi feito na Estrutural, para acabar com as constantes reformas na pista\u201d.<\/p>\n<p class=\"p1\"><strong><span class=\"s1\">Sesc e Senac em Planaltina <\/span><\/strong><\/p>\n<p class=\"p1\"><span class=\"s1\">Outra importante obra de mobilidade vai beneficiar os futuros frequentadores das novas unidades do Sesc-DF e do Senac-DF, que ser\u00e3o constru\u00eddas em Planaltina. O\u00a0<\/span>secret\u00e1rio contou que ser\u00e1 feita uma terceira faixa na descida para Sobradinho, a partir do Colorado, at\u00e9 Planaltina.<\/p>\n<p class=\"p1\">\u201cVamos ampliar aquela via de um lado e do outro, at\u00e9 chegar \u00e0 DF 128. L\u00e1, faremos um viaduto, que ir\u00e1 para Brasilinha, e vamos duplicar a via que leva at\u00e9 a cidade\u201d. Pires tamb\u00e9m divulgou a constru\u00e7\u00e3o de mais uma faixa na via que liga Santa Maria ao Valpara\u00edso.<\/p>\n<p class=\"p1\"><span class=\"s1\">\u201cAcredito que o di\u00e1logo \u00e9 a palavra-chave do sucesso. E aqui, com o setor produtivo, queremos caminhar sempre juntos com o GDF e a sociedade, porque a uni\u00e3o faz a for\u00e7a\u201d, destacou o presidente do Sistema Fecom\u00e9rcio-DF, Jos\u00e9 Aparecido.<\/span><\/p>\n<p class=\"p1\"><strong><span class=\"s1\">Investimentos da Neonergia <\/span><\/strong><\/p>\n<p class=\"p1\"><span class=\"s1\">O secret\u00e1rio adiantou, na reuni\u00e3o com os empres\u00e1rios, que a Neoenergia ir\u00e1 investir R$ 1,4 bilh\u00e3o nos pr\u00f3ximos cinco anos, dos quais 60% ser\u00e3o at\u00e9 2026. <\/span><\/p>\n<p class=\"p1\"><span class=\"s1\">Os detalhes ser\u00e3o anunciados pela diretoria da empresa energ\u00e9tica na pr\u00f3xima reuni\u00e3o do LIDE, marcada para o dia o 16 de abril.<\/span><\/p>\n","protected":false},"excerpt":{"rendered":"<p>Por Samanta Sallum\u00a0 Convidado pelo presidente do Sistema Fecom\u00e9rcio-DF, Jos\u00e9 Aparecido Freire, o secret\u00e1rio de Governo do DF, Jos\u00e9 Humberto Pires, participou ontem da reuni\u00e3o de diretoria da federa\u00e7\u00e3o.\u00a0Ele informou que o investimento atual em infraestrutura chega a R$ 2,497 bilh\u00f5es. E anunciou a constru\u00e7\u00e3o do pavimento r\u00edgido da EPNB, que ir\u00e1 de Samambaia at\u00e9 o Park Shopping. \u201cVamos aumentar [&hellip;]<\/p>\n","protected":false},"author":125,"featured_media":15794,"comment_status":"open","ping_status":"open","sticky":false,"template":"","format":"standard","meta":{"footnotes":""},"categories":[6],"tags":[734,203,116,1433,2160,237],"class_list":["post-15790","post","type-post","status-publish","format-standard","has-post-thumbnail","hentry","category-coluna-capital-s-a","tag-fecomercio-df","tag-gdf","tag-lide","tag-neoenergia","tag-senac-df","tag-sescdf"],"_links":{"self":[{"href":"https:\/\/blogs.correiobraziliense.com.br\/capital-sa\/wp-json\/wp\/v2\/posts\/15790","targetHints":{"allow":["GET"]}}],"collection":[{"href":"https:\/\/blogs.correiobraziliense.com.br\/capital-sa\/wp-json\/wp\/v2\/posts"}],"about":[{"href":"https:\/\/blogs.correiobraziliense.com.br\/capital-sa\/wp-json\/wp\/v2\/types\/post"}],"author":[{"embeddable":true,"href":"https:\/\/blogs.correiobraziliense.com.br\/capital-sa\/wp-json\/wp\/v2\/users\/125"}],"replies":[{"embeddable":true,"href":"https:\/\/blogs.correiobraziliense.com.br\/capital-sa\/wp-json\/wp\/v2\/comments?post=15790"}],"version-history":[{"count":5,"href":"https:\/\/blogs.correiobraziliense.com.br\/capital-sa\/wp-json\/wp\/v2\/posts\/15790\/revisions"}],"predecessor-version":[{"id":15797,"href":"https:\/\/blogs.correiobraziliense.com.br\/capital-sa\/wp-json\/wp\/v2\/posts\/15790\/revisions\/15797"}],"wp:featuredmedia":[{"embeddable":true,"href":"https:\/\/blogs.correiobraziliense.com.br\/capital-sa\/wp-json\/wp\/v2\/media\/15794"}],"wp:attachment":[{"href":"https:\/\/blogs.correiobraziliense.com.br\/capital-sa\/wp-json\/wp\/v2\/media?parent=15790"}],"wp:term":[{"taxonomy":"category","embeddable":true,"href":"https:\/\/blogs.correiobraziliense.com.br\/capital-sa\/wp-json\/wp\/v2\/categories?post=15790"},{"taxonomy":"post_tag","embeddable":true,"href":"https:\/\/blogs.correiobraziliense.com.br\/capital-sa\/wp-json\/wp\/v2\/tags?post=15790"}],"curies":[{"name":"wp","href":"https:\/\/api.w.org\/{rel}","templated":true}]}}