{"id":15773,"date":"2024-03-26T09:23:09","date_gmt":"2024-03-26T12:23:09","guid":{"rendered":"https:\/\/blogs.correiobraziliense.com.br\/capital-sa\/?p=15773"},"modified":"2024-03-26T11:15:40","modified_gmt":"2024-03-26T14:15:40","slug":"empresas-investem-em-caminhoes-100-a-biodiesel","status":"publish","type":"post","link":"https:\/\/blogs.correiobraziliense.com.br\/capital-sa\/2024\/03\/26\/empresas-investem-em-caminhoes-100-a-biodiesel\/","title":{"rendered":"Empresas investem em caminh\u00f5es 100% a biodiesel"},"content":{"rendered":"<p><em>Ato na Esplanada defender\u00e1 mais uso do combust\u00edvel que reduz emiss\u00f5es de CO2<\/em><\/p>\n<p class=\"p1\"><strong>Por Samanta Sallum\u00a0<\/strong><\/p>\n<p class=\"p1\"><span class=\"s1\">Por lei, o Brasil mistura obrigatoriamente 14% de biodiesel nacional e renov\u00e1vel ao \u00f3leo diesel, com a finalidade de reduzir as emiss\u00f5es de CO2 geradas pela queima do combust\u00edvel f\u00f3ssil. No entanto, caminh\u00f5es de montadoras, como Scania e Volvo, come\u00e7aram a rodar agora em mar\u00e7o apenas com biodiesel nos tanques: uma revolu\u00e7\u00e3o tecnol\u00f3gica ambiental. Esses ve\u00edculos pesados estar\u00e3o pela primeira vez sendo exibidos ao p\u00fablico na capital federal.<\/span><\/p>\n<p class=\"p1\"><span class=\"s1\">Ser\u00e1 na quarta-feira (27), <\/span><span class=\"s1\">das 8h \u00e0s 14h, em frente ao Minist\u00e9rio dos Transportes, com a presen\u00e7a dos Ministros Alexandre Silveira; e de Carlos F\u00e1varo, da Agricultura. A mostra consta da programa\u00e7\u00e3o paralela do semin\u00e1rio \u201cConstruindo o Futuro \u2013 Biodiesel e Desenvolvimento Sustent\u00e1vel nos Munic\u00edpios\u201d, que acontecer\u00e1 no audit\u00f3rio do Minist\u00e9rio dos Transportes.<br \/>\n<\/span><\/p>\n<p class=\"p1\"><span class=\"s1\">A iniciativa \u00e9 da Associa\u00e7\u00e3o Brasileira das Ind\u00fastrias de \u00d3leos Vegetais (Abiove); da Associa\u00e7\u00e3o dos Produtores de Biocombust\u00edveis do Brasil (Aprobio); Uni\u00e3o Brasileira do Biodiesel e Bioquerosene (Ubrabio); e da Frente Parlamentar Mista do Biodiesel (FPBio).<\/span><\/p>\n<p class=\"p1\"><strong><span class=\"s1\">Resultados no transporte log\u00edstico<\/span><\/strong><\/p>\n<p class=\"p1\"><span class=\"s1\">Autonomia equivalente \u00e0 do diesel f\u00f3ssil e menos emiss\u00e3o de g\u00e1s carb\u00f4nico: esses foram os resultados da 1\u00aa fase de testes realizados pela companhia JBS para avaliar o uso de biodiesel 100% \u2013 totalmente de origem biol\u00f3gica \u2013 no transporte log\u00edstico da empresa. Na compara\u00e7\u00e3o ao combust\u00edvel convencional, o lan\u00e7amento de CO2 na atmosfera foi 80% menor.<\/span><\/p>\n<p class=\"p1\"><strong><span class=\"s1\">Turn\u00ea Coldplay <\/span><\/strong><\/p>\n<p class=\"p1\"><span class=\"s1\">Al\u00e9m de caminh\u00f5es, ser\u00e3o expostos amanh\u00e3 na Esplanada grupos de geradores tamb\u00e9m movidos 100% a biodiesel. Equipamentos como esses foram utilizados, por exemplo, na turn\u00ea da banda Coldplay no Brasil.<\/span><\/p>\n","protected":false},"excerpt":{"rendered":"<p>Ato na Esplanada defender\u00e1 mais uso do combust\u00edvel que reduz emiss\u00f5es de CO2 Por Samanta Sallum\u00a0 Por lei, o Brasil mistura obrigatoriamente 14% de biodiesel nacional e renov\u00e1vel ao \u00f3leo diesel, com a finalidade de reduzir as emiss\u00f5es de CO2 geradas pela queima do combust\u00edvel f\u00f3ssil. No entanto, caminh\u00f5es de montadoras, como Scania e Volvo, come\u00e7aram a rodar agora em [&hellip;]<\/p>\n","protected":false},"author":125,"featured_media":15772,"comment_status":"open","ping_status":"open","sticky":false,"template":"","format":"standard","meta":{"footnotes":""},"categories":[6],"tags":[2149,2152,2150,2153,2148,2151,1002,2156,2155,2154],"class_list":["post-15773","post","type-post","status-publish","format-standard","has-post-thumbnail","hentry","category-coluna-capital-s-a","tag-emissao","tag-abiove","tag-alexandresilveira","tag-aprobio","tag-biodiesel","tag-carlosfavaro","tag-co2","tag-coldplay","tag-fpbio","tag-ubrabio"],"_links":{"self":[{"href":"https:\/\/blogs.correiobraziliense.com.br\/capital-sa\/wp-json\/wp\/v2\/posts\/15773","targetHints":{"allow":["GET"]}}],"collection":[{"href":"https:\/\/blogs.correiobraziliense.com.br\/capital-sa\/wp-json\/wp\/v2\/posts"}],"about":[{"href":"https:\/\/blogs.correiobraziliense.com.br\/capital-sa\/wp-json\/wp\/v2\/types\/post"}],"author":[{"embeddable":true,"href":"https:\/\/blogs.correiobraziliense.com.br\/capital-sa\/wp-json\/wp\/v2\/users\/125"}],"replies":[{"embeddable":true,"href":"https:\/\/blogs.correiobraziliense.com.br\/capital-sa\/wp-json\/wp\/v2\/comments?post=15773"}],"version-history":[{"count":6,"href":"https:\/\/blogs.correiobraziliense.com.br\/capital-sa\/wp-json\/wp\/v2\/posts\/15773\/revisions"}],"predecessor-version":[{"id":15789,"href":"https:\/\/blogs.correiobraziliense.com.br\/capital-sa\/wp-json\/wp\/v2\/posts\/15773\/revisions\/15789"}],"wp:attachment":[{"href":"https:\/\/blogs.correiobraziliense.com.br\/capital-sa\/wp-json\/wp\/v2\/media?parent=15773"}],"wp:term":[{"taxonomy":"category","embeddable":true,"href":"https:\/\/blogs.correiobraziliense.com.br\/capital-sa\/wp-json\/wp\/v2\/categories?post=15773"},{"taxonomy":"post_tag","embeddable":true,"href":"https:\/\/blogs.correiobraziliense.com.br\/capital-sa\/wp-json\/wp\/v2\/tags?post=15773"}],"curies":[{"name":"wp","href":"https:\/\/api.w.org\/{rel}","templated":true}]}}