{"id":15751,"date":"2024-03-25T10:06:04","date_gmt":"2024-03-25T13:06:04","guid":{"rendered":"https:\/\/blogs.correiobraziliense.com.br\/capital-sa\/?p=15751"},"modified":"2024-03-25T15:49:49","modified_gmt":"2024-03-25T18:49:49","slug":"pauta-legislativa-do-setor-imobiliario-une-parlamentares","status":"publish","type":"post","link":"https:\/\/blogs.correiobraziliense.com.br\/capital-sa\/2024\/03\/25\/pauta-legislativa-do-setor-imobiliario-une-parlamentares\/","title":{"rendered":"Pauta legislativa do setor imobili\u00e1rio une parlamentares"},"content":{"rendered":"<p class=\"p1\"><strong>Por Samanta Sallum\u00a0<\/strong><\/p>\n<p class=\"p1\"><span class=\"s1\">O Sistema Cofeci-Creci reuniu parlamentares do Congresso Nacional, em evento, para apresentar a edi\u00e7\u00e3o 2024 da Agenda Legislativa do Corretor de Im\u00f3veis. O documento re\u00fane os principais projetos de lei em tramita\u00e7\u00e3o na C\u00e2mara dos Deputados e no Senado, que ter\u00e3o impacto sobre o setor imobili\u00e1rio. Formado por cerca de 550 mil profissionais e 72 mil empresas, o Cofeci-Creci \u00e9 a autarquia federal respons\u00e1vel por regulamentar e fiscalizar as atividades dos corretores de im\u00f3veis no Brasil. \u00c9 a segunda maior entidade imobili\u00e1ria do mundo.<br \/>\n<\/span><\/p>\n<p class=\"p1\"><span class=\"s1\">Entre os presentes ao evento, em Bras\u00edlia, os senadores Ciro Nogueira (PP\/PI), Efraim Filho (Uni\u00e3o Brasil\/PB), Izalci Lucas (PL\/DF), a\u00a0<\/span><span class=\"s1\">senadora Dorinha Seabra (Uni\u00e3o Brasil \/TO), al\u00e9m dos deputados Weliton Prado (Solidariedade\/MG) presidente da Frente Parlamentar em apoio ao Mercado imobili\u00e1rio) e Reginaldo Lopes (PT\/MG).<\/span><\/p>\n<p class=\"p1\"><span class=\"s1\">\u201cTemos como objetivo informar os deputados e senadores sobre a an\u00e1lise que fizemos desde a \u00f3tica do corretor de im\u00f3veis e do Sistema Cofeci-Creci\u201d, explicou o presidente do Cofeci, Jo\u00e3o Teodoro. Acesso do consumidor \u00e0 casa pr\u00f3pria, seguran\u00e7a jur\u00eddica para o mercado, desenvolvimento e fomento \u00e0 economia nacional est\u00e3o entre as prioridades na sele\u00e7\u00e3o dos PLs.<\/span><\/p>\n<p><img loading=\"lazy\" decoding=\"async\" class=\"aligncenter size-medium wp-image-15759\" src=\"https:\/\/blogs.correiobraziliense.com.br\/capital-sa\/wp-content\/uploads\/sites\/59\/2024\/03\/0B313A92-4767-4B8F-81CB-E66B6C647AAF-300x285.jpeg\" alt=\"\" width=\"300\" height=\"285\" srcset=\"https:\/\/blogs.correiobraziliense.com.br\/capital-sa\/wp-content\/uploads\/sites\/59\/2024\/03\/0B313A92-4767-4B8F-81CB-E66B6C647AAF-300x285.jpeg 300w, https:\/\/blogs.correiobraziliense.com.br\/capital-sa\/wp-content\/uploads\/sites\/59\/2024\/03\/0B313A92-4767-4B8F-81CB-E66B6C647AAF-768x731.jpeg 768w, https:\/\/blogs.correiobraziliense.com.br\/capital-sa\/wp-content\/uploads\/sites\/59\/2024\/03\/0B313A92-4767-4B8F-81CB-E66B6C647AAF-1024x974.jpeg 1024w, https:\/\/blogs.correiobraziliense.com.br\/capital-sa\/wp-content\/uploads\/sites\/59\/2024\/03\/0B313A92-4767-4B8F-81CB-E66B6C647AAF-800x761.jpeg 800w, https:\/\/blogs.correiobraziliense.com.br\/capital-sa\/wp-content\/uploads\/sites\/59\/2024\/03\/0B313A92-4767-4B8F-81CB-E66B6C647AAF-550x523.jpeg 550w, https:\/\/blogs.correiobraziliense.com.br\/capital-sa\/wp-content\/uploads\/sites\/59\/2024\/03\/0B313A92-4767-4B8F-81CB-E66B6C647AAF-230x219.jpeg 230w, https:\/\/blogs.correiobraziliense.com.br\/capital-sa\/wp-content\/uploads\/sites\/59\/2024\/03\/0B313A92-4767-4B8F-81CB-E66B6C647AAF.jpeg 1170w\" sizes=\"auto, (max-width: 300px) 100vw, 300px\" \/><\/p>\n<p class=\"p1\"><span class=\"s1\">No tema consumidor, por exemplo, a entidade se manifesta <\/span><span class=\"s2\">a favor<\/span><span class=\"s1\"> do PL 6844\/2017, em tramita\u00e7\u00e3o na C\u00e2mara dos Deputados, que dispensa o locat\u00e1rio da multa na devolu\u00e7\u00e3o antecipada do im\u00f3vel se motivada por necessidade de tratamento de doen\u00e7as do pr\u00f3prio ou de familiares. O posicionamento tamb\u00e9m \u00e9 favor\u00e1vel ao PL 415\/2015, que pro\u00edbe cl\u00e1usula contratual para toler\u00e2ncia ao atraso superior a 60 dias na entrega de um im\u00f3vel pela construtora ao adquirente.<\/span><\/p>\n<p><img loading=\"lazy\" decoding=\"async\" class=\"aligncenter size-medium wp-image-15757\" src=\"https:\/\/blogs.correiobraziliense.com.br\/capital-sa\/wp-content\/uploads\/sites\/59\/2024\/03\/12B66265-0897-409A-B9F4-A822ED9DCC67-300x219.jpeg\" alt=\"\" width=\"300\" height=\"219\" srcset=\"https:\/\/blogs.correiobraziliense.com.br\/capital-sa\/wp-content\/uploads\/sites\/59\/2024\/03\/12B66265-0897-409A-B9F4-A822ED9DCC67-300x219.jpeg 300w, https:\/\/blogs.correiobraziliense.com.br\/capital-sa\/wp-content\/uploads\/sites\/59\/2024\/03\/12B66265-0897-409A-B9F4-A822ED9DCC67-768x560.jpeg 768w, https:\/\/blogs.correiobraziliense.com.br\/capital-sa\/wp-content\/uploads\/sites\/59\/2024\/03\/12B66265-0897-409A-B9F4-A822ED9DCC67-800x583.jpeg 800w, https:\/\/blogs.correiobraziliense.com.br\/capital-sa\/wp-content\/uploads\/sites\/59\/2024\/03\/12B66265-0897-409A-B9F4-A822ED9DCC67-550x401.jpeg 550w, https:\/\/blogs.correiobraziliense.com.br\/capital-sa\/wp-content\/uploads\/sites\/59\/2024\/03\/12B66265-0897-409A-B9F4-A822ED9DCC67-230x168.jpeg 230w, https:\/\/blogs.correiobraziliense.com.br\/capital-sa\/wp-content\/uploads\/sites\/59\/2024\/03\/12B66265-0897-409A-B9F4-A822ED9DCC67.jpeg 829w\" sizes=\"auto, (max-width: 300px) 100vw, 300px\" \/><\/p>\n","protected":false},"excerpt":{"rendered":"<p>Por Samanta Sallum\u00a0 O Sistema Cofeci-Creci reuniu parlamentares do Congresso Nacional, em evento, para apresentar a edi\u00e7\u00e3o 2024 da Agenda Legislativa do Corretor de Im\u00f3veis. O documento re\u00fane os principais projetos de lei em tramita\u00e7\u00e3o na C\u00e2mara dos Deputados e no Senado, que ter\u00e3o impacto sobre o setor imobili\u00e1rio. Formado por cerca de 550 mil profissionais e 72 mil empresas, [&hellip;]<\/p>\n","protected":false},"author":125,"featured_media":15754,"comment_status":"open","ping_status":"open","sticky":false,"template":"","format":"standard","meta":{"footnotes":""},"categories":[6],"tags":[1718,2050,2145,1382,2147,1122,202,2146,2143],"class_list":["post-15751","post","type-post","status-publish","format-standard","has-post-thumbnail","hentry","category-coluna-capital-s-a","tag-casapropria","tag-cironogueira","tag-cofeci-creci","tag-corretoresdeimovel","tag-dorinhaseabra","tag-efraimfilho","tag-fiscalizacao","tag-izalcilucas","tag-regulamentacao"],"_links":{"self":[{"href":"https:\/\/blogs.correiobraziliense.com.br\/capital-sa\/wp-json\/wp\/v2\/posts\/15751","targetHints":{"allow":["GET"]}}],"collection":[{"href":"https:\/\/blogs.correiobraziliense.com.br\/capital-sa\/wp-json\/wp\/v2\/posts"}],"about":[{"href":"https:\/\/blogs.correiobraziliense.com.br\/capital-sa\/wp-json\/wp\/v2\/types\/post"}],"author":[{"embeddable":true,"href":"https:\/\/blogs.correiobraziliense.com.br\/capital-sa\/wp-json\/wp\/v2\/users\/125"}],"replies":[{"embeddable":true,"href":"https:\/\/blogs.correiobraziliense.com.br\/capital-sa\/wp-json\/wp\/v2\/comments?post=15751"}],"version-history":[{"count":7,"href":"https:\/\/blogs.correiobraziliense.com.br\/capital-sa\/wp-json\/wp\/v2\/posts\/15751\/revisions"}],"predecessor-version":[{"id":15763,"href":"https:\/\/blogs.correiobraziliense.com.br\/capital-sa\/wp-json\/wp\/v2\/posts\/15751\/revisions\/15763"}],"wp:featuredmedia":[{"embeddable":true,"href":"https:\/\/blogs.correiobraziliense.com.br\/capital-sa\/wp-json\/wp\/v2\/media\/15754"}],"wp:attachment":[{"href":"https:\/\/blogs.correiobraziliense.com.br\/capital-sa\/wp-json\/wp\/v2\/media?parent=15751"}],"wp:term":[{"taxonomy":"category","embeddable":true,"href":"https:\/\/blogs.correiobraziliense.com.br\/capital-sa\/wp-json\/wp\/v2\/categories?post=15751"},{"taxonomy":"post_tag","embeddable":true,"href":"https:\/\/blogs.correiobraziliense.com.br\/capital-sa\/wp-json\/wp\/v2\/tags?post=15751"}],"curies":[{"name":"wp","href":"https:\/\/api.w.org\/{rel}","templated":true}]}}