{"id":15692,"date":"2024-03-12T15:43:19","date_gmt":"2024-03-12T18:43:19","guid":{"rendered":"https:\/\/blogs.correiobraziliense.com.br\/capital-sa\/?p=15692"},"modified":"2024-03-12T19:37:53","modified_gmt":"2024-03-12T22:37:53","slug":"dirigentes-lojistas-reivindicam-transferencia-de-penitenciaria-no-sia","status":"publish","type":"post","link":"https:\/\/blogs.correiobraziliense.com.br\/capital-sa\/2024\/03\/12\/dirigentes-lojistas-reivindicam-transferencia-de-penitenciaria-no-sia\/","title":{"rendered":"Dirigentes lojistas reivindicam transfer\u00eancia de penitenci\u00e1ria no SIA"},"content":{"rendered":"<p><em>CDL argumenta que centro prisional na regi\u00e3o de ind\u00fastria e abastecimento \u00e9 desvio de ocupa\u00e7\u00e3o. Um preso morreu a tiros na porta do local\u00a0<\/em><\/p>\n<p class=\"p1\"><span class=\"s1\"><b>Por Samanta Sallum\u00a0<\/b><\/span><\/p>\n<p class=\"p1\">O presidente da C\u00e2mara de Dirigentes Lojistas do Distrito Federal (CDL-DF), Wagner da Silveira, recebeu, ontem, o administrador regional do SIA, Bruno Oliveira. Durante o encontro, na sede da entidade, Silveira entregou ao secret\u00e1rio um of\u00edcio encaminhado ao governador Ibaneis Rocha, com uma s\u00e9rie de demandas do setor varejista para o SIA. Algumas delas, segundo Oliveira, j\u00e1 est\u00e3o em fase de entrega. Para as outras, prometeu empenho na busca de solu\u00e7\u00f5es.<\/p>\n<p class=\"p1\"><span class=\"s1\">A demanda mais importante para a CDL-DF \u00e9 a transfer\u00eancia do Centro de Progress\u00e3o Penitenci\u00e1ria (CPP), hoje no SIA, para outra regi\u00e3o. \u201cO CPP traz inseguran\u00e7a para a nossa \u00e1rea e \u00e9 um claro desvio de ocupa\u00e7\u00e3o do espa\u00e7o. Esse \u00e9 um setor de ind\u00fastria e abastecimento. O que precisamos aqui \u00e9 de uma escola para que os filhos dos funcion\u00e1rios das empresas possam estudar pr\u00f3ximo ao trabalho dos pais. Vamos come\u00e7ar uma campanha: Troque uma institui\u00e7\u00e3o prisional por uma escola. O futuro agradece\u201d, destacou Wagner.<br \/>\n<\/span><\/p>\n<p><strong>Crime<\/strong><\/p>\n<p class=\"p1\"><span class=\"s1\">No m\u00eas passado, um preso foi morto na porta do CPP, colocando em risco diversas pessoas que passavam pelo local, indo para o trabalho. O detento\u00a0<\/span>cumpria pena no regime semiaberto e levou um tiro na cabe\u00e7a. O caso ocorreu por volta das 6h30, no trecho 4 do Setor de Ind\u00fastria e Abastecimento (SIA).<\/p>\n<p class=\"p1\">Na delegacia, uma testemunha contou que viu dois homens encapuzados, armados com duas pistolas, pr\u00f3ximos ao local.<\/p>\n<p class=\"p1\"><span class=\"s1\"><b>C\u00e2meras e linhas de \u00f4nibus <\/b><\/span><\/p>\n<p class=\"p1\"><span class=\"s1\">A CDL-DF pede h\u00e1 mais de 1 ano tamb\u00e9m uma sinaliza\u00e7\u00e3o mais eficiente para a passagem de trem que corta a RA, a instala\u00e7\u00e3o de c\u00e2meras de seguran\u00e7a e fiscaliza\u00e7\u00e3o eletr\u00f4nica, a amplia\u00e7\u00e3o da oferta de \u00f4nibus para a regi\u00e3o e mais seguran\u00e7a. <\/span><\/p>\n<p class=\"p1\"><span class=\"s1\"><b>Cancelas na linha do trem <\/b><\/span><\/p>\n<p class=\"p1\"><span class=\"s1\">\u201cJ\u00e1 realizamos um estudo de impacto de tr\u00e2nsito para a instala\u00e7\u00e3o de cancelas na passagem do trem para evitar acidentes. O assunto j\u00e1 est\u00e1 com a Novacap e acreditamos que, em breve, deve ser atendido. At\u00e9 o final do m\u00eas, instalaremos 18 c\u00e2meras em todo o SIA, colocamos mais \u00f4nibus na linha que liga o SIA \u00e0 Rodovi\u00e1ria do Plano Piloto e refor\u00e7amos a seguran\u00e7a com oferta de mais viaturas da Pol\u00edcia Militar nos hor\u00e1rios de mais movimento\u201d, informou Bruno Oliveira.<\/span><\/p>\n<p><img loading=\"lazy\" decoding=\"async\" class=\"aligncenter size-medium wp-image-15699\" src=\"https:\/\/blogs.correiobraziliense.com.br\/capital-sa\/wp-content\/uploads\/sites\/59\/2024\/03\/3F49366D-DEFB-4E05-A62E-9E2917CED5FA-300x225.jpeg\" alt=\"\" width=\"300\" height=\"225\" srcset=\"https:\/\/blogs.correiobraziliense.com.br\/capital-sa\/wp-content\/uploads\/sites\/59\/2024\/03\/3F49366D-DEFB-4E05-A62E-9E2917CED5FA-300x225.jpeg 300w, https:\/\/blogs.correiobraziliense.com.br\/capital-sa\/wp-content\/uploads\/sites\/59\/2024\/03\/3F49366D-DEFB-4E05-A62E-9E2917CED5FA-768x576.jpeg 768w, https:\/\/blogs.correiobraziliense.com.br\/capital-sa\/wp-content\/uploads\/sites\/59\/2024\/03\/3F49366D-DEFB-4E05-A62E-9E2917CED5FA-1024x768.jpeg 1024w, https:\/\/blogs.correiobraziliense.com.br\/capital-sa\/wp-content\/uploads\/sites\/59\/2024\/03\/3F49366D-DEFB-4E05-A62E-9E2917CED5FA-1440x1080.jpeg 1440w, https:\/\/blogs.correiobraziliense.com.br\/capital-sa\/wp-content\/uploads\/sites\/59\/2024\/03\/3F49366D-DEFB-4E05-A62E-9E2917CED5FA-800x600.jpeg 800w, https:\/\/blogs.correiobraziliense.com.br\/capital-sa\/wp-content\/uploads\/sites\/59\/2024\/03\/3F49366D-DEFB-4E05-A62E-9E2917CED5FA-550x413.jpeg 550w, https:\/\/blogs.correiobraziliense.com.br\/capital-sa\/wp-content\/uploads\/sites\/59\/2024\/03\/3F49366D-DEFB-4E05-A62E-9E2917CED5FA-230x173.jpeg 230w, https:\/\/blogs.correiobraziliense.com.br\/capital-sa\/wp-content\/uploads\/sites\/59\/2024\/03\/3F49366D-DEFB-4E05-A62E-9E2917CED5FA.jpeg 1600w\" sizes=\"auto, (max-width: 300px) 100vw, 300px\" \/><\/p>\n","protected":false},"excerpt":{"rendered":"<p>CDL argumenta que centro prisional na regi\u00e3o de ind\u00fastria e abastecimento \u00e9 desvio de ocupa\u00e7\u00e3o. Um preso morreu a tiros na porta do local\u00a0 Por Samanta Sallum\u00a0 O presidente da C\u00e2mara de Dirigentes Lojistas do Distrito Federal (CDL-DF), Wagner da Silveira, recebeu, ontem, o administrador regional do SIA, Bruno Oliveira. Durante o encontro, na sede da entidade, Silveira entregou ao [&hellip;]<\/p>\n","protected":false},"author":125,"featured_media":15698,"comment_status":"open","ping_status":"open","sticky":false,"template":"","format":"standard","meta":{"footnotes":""},"categories":[6],"tags":[647,2135,1053,70],"class_list":["post-15692","post","type-post","status-publish","format-standard","has-post-thumbnail","hentry","category-coluna-capital-s-a","tag-cdl","tag-cpp","tag-sia","tag-ibaneis"],"_links":{"self":[{"href":"https:\/\/blogs.correiobraziliense.com.br\/capital-sa\/wp-json\/wp\/v2\/posts\/15692","targetHints":{"allow":["GET"]}}],"collection":[{"href":"https:\/\/blogs.correiobraziliense.com.br\/capital-sa\/wp-json\/wp\/v2\/posts"}],"about":[{"href":"https:\/\/blogs.correiobraziliense.com.br\/capital-sa\/wp-json\/wp\/v2\/types\/post"}],"author":[{"embeddable":true,"href":"https:\/\/blogs.correiobraziliense.com.br\/capital-sa\/wp-json\/wp\/v2\/users\/125"}],"replies":[{"embeddable":true,"href":"https:\/\/blogs.correiobraziliense.com.br\/capital-sa\/wp-json\/wp\/v2\/comments?post=15692"}],"version-history":[{"count":9,"href":"https:\/\/blogs.correiobraziliense.com.br\/capital-sa\/wp-json\/wp\/v2\/posts\/15692\/revisions"}],"predecessor-version":[{"id":15703,"href":"https:\/\/blogs.correiobraziliense.com.br\/capital-sa\/wp-json\/wp\/v2\/posts\/15692\/revisions\/15703"}],"wp:featuredmedia":[{"embeddable":true,"href":"https:\/\/blogs.correiobraziliense.com.br\/capital-sa\/wp-json\/wp\/v2\/media\/15698"}],"wp:attachment":[{"href":"https:\/\/blogs.correiobraziliense.com.br\/capital-sa\/wp-json\/wp\/v2\/media?parent=15692"}],"wp:term":[{"taxonomy":"category","embeddable":true,"href":"https:\/\/blogs.correiobraziliense.com.br\/capital-sa\/wp-json\/wp\/v2\/categories?post=15692"},{"taxonomy":"post_tag","embeddable":true,"href":"https:\/\/blogs.correiobraziliense.com.br\/capital-sa\/wp-json\/wp\/v2\/tags?post=15692"}],"curies":[{"name":"wp","href":"https:\/\/api.w.org\/{rel}","templated":true}]}}