{"id":15678,"date":"2024-03-07T15:54:20","date_gmt":"2024-03-07T18:54:20","guid":{"rendered":"https:\/\/blogs.correiobraziliense.com.br\/capital-sa\/?p=15678"},"modified":"2024-03-07T16:17:30","modified_gmt":"2024-03-07T19:17:30","slug":"juros-precisam-baixar-mais-rapido-diz-alckmin-para-banco-central","status":"publish","type":"post","link":"https:\/\/blogs.correiobraziliense.com.br\/capital-sa\/2024\/03\/07\/juros-precisam-baixar-mais-rapido-diz-alckmin-para-banco-central\/","title":{"rendered":"\u201cJuros precisam baixar mais r\u00e1pido\u201d, diz Alckmin para Banco Central"},"content":{"rendered":"<p class=\"p2\" style=\"text-align: left\"><em>CNC reuniu lideran\u00e7as empresariais e pol\u00edticas em Bras\u00edlia por pauta de desenvolvimento econ\u00f4mico e social<\/em><\/p>\n<p class=\"p2\"><span class=\"s1\"><b>Por Samanta Sallum <\/b><\/span><\/p>\n<p class=\"p2\"><span class=\"s1\">O vice-presidente da Rep\u00fablica e ministro do Desenvolvimento da Ind\u00fastria, Com\u00e9rcio e Servi\u00e7os, Geraldo Alckmin, disse ontem a uma plateia repleta de lideran\u00e7as empresariais e de parlamentares que os juros poderiam estar mais baixos no pa\u00eds. Segundo ele, o governo federal est\u00e1 fazendo a sua parte, garantindo um ambiente econ\u00f4mico que possa fazer o Banco Central reduzir a Selic, como as medidas de equil\u00edbrio fiscal. \u201cJuros est\u00e3o baixando, mas isso podia acontecer de forma mais r\u00e1pida, eles ainda est\u00e3o elevados\u201d, destacou.<\/span><\/p>\n<p class=\"p2\"><span class=\"s1\">Alckmin participou de evento realizado, na noite de ontem, pela Confedera\u00e7\u00e3o Nacional do Com\u00e9rcio de Bens, Servi\u00e7os e Turismo (CNC), que reuniu lideran\u00e7as do setor de todo o pa\u00eds, parlamentares e autoridades, em Bras\u00edlia. Foi apresentada oficialmente a Agenda Institucional do Sistema Com\u00e9rcio 2024. O documento \u00e9 dividido em quatro macrotemas: reforma tribut\u00e1ria, reforma trabalhista, legisla\u00e7\u00e3o empresarial e regula\u00e7\u00e3o.<\/span><\/p>\n<p class=\"p2\"><span class=\"s1\">O encontro contou, ainda, com a presen\u00e7a dos ministros do Desenvolvimento Regional, Waldez G\u00f3es, e do Empreendedorismo, da Microempresa M\u00e1rcio Fran\u00e7a e da vice-governadora do DF, Celina Le\u00e3o. <\/span><\/p>\n<p class=\"p2\"><span class=\"s1\"><b>Perse e Reforma Tribut\u00e1ria<\/b><\/span><\/p>\n<p class=\"p2\"><span class=\"s1\">\u201cNo sentido de garantir \u00e0s empresas seguran\u00e7a jur\u00eddica e um ambiente produtivo, a CNC atuou pela manuten\u00e7\u00e3o do Programa Emergencial de Retomada do\u00a0<\/span>Setor de Eventos (Perse), essencial para a recupera\u00e7\u00e3o e o desenvolvimento do Turismo. \u201cAssim como continuamos trabalhando por uma reforma tribut\u00e1ria justa, que n\u00e3o sobrecarregue os servi\u00e7os, e seguimos cooperando, de forma t\u00e9cnica e embasada em estudos, para a regulamenta\u00e7\u00e3o da reforma\u201d, destacou o presidente da CNC, Jos\u00e9 Roberto Tadros.<\/p>\n<p class=\"p2\"><span class=\"s1\">Participaram do event\u00f5es lideran\u00e7as das<span class=\"Apple-converted-space\">\u00a0 <\/span>Fecom\u00e9rcios dos 26 estados e do Distrito Federal e de sete Federa\u00e7\u00f5es Nacionais do setor.\u00a0<\/span><\/p>\n<p class=\"p2\"><strong><span class=\"s1\">Posicionamento para elei\u00e7\u00f5es municipais <\/span><\/strong><\/p>\n<p class=\"p2\"><span class=\"s1\">Foi lan\u00e7ada tamb\u00e9m a Agenda Municipal, um instrumento de posicionamento do setor terci\u00e1rio diante dos candidatos a prefeito e vereador nas elei\u00e7\u00f5es deste ano.\u00a0<\/span>J\u00e1 a Agenda Institucional pretende ser refer\u00eancia na formula\u00e7\u00e3o de pol\u00edticas p\u00fablicas para o setor terci\u00e1rio. \u00c9 atualizada de acordo com o cen\u00e1rio econ\u00f4mico e pol\u00edtico do pa\u00eds.<\/p>\n<p class=\"p2\">Esta foi a 2a edi\u00e7\u00e3o do evento. Para a produ\u00e7\u00e3o dos documentos, a CNC reuniu quase 2 mil pessoas, entre empres\u00e1rios e representantes do sistema como os mais de 1 mil Sindicatos Empresariais associados.<\/p>\n<p class=\"p2\"><span class=\"s1\"><b>Movimento nacional <\/b><\/span><\/p>\n<p class=\"p2\"><span class=\"s1\">\u201cOferecemos propostas concretas para o desenvolvimento socioecon\u00f4mico do pa\u00eds. Mais do que isso, estamos criando um grande movimento nacional em torno da constru\u00e7\u00e3o de uma agenda permanente para o setor terci\u00e1rio, que \u00e9 respons\u00e1vel por mais de 70% do Produto Interno Bruto brasileiro e emprega dois ter\u00e7os da popula\u00e7\u00e3o ativa\u201d, afirma o presidente da CNC, Jos\u00e9 Roberto Tadros. <\/span><\/p>\n","protected":false},"excerpt":{"rendered":"<p>CNC reuniu lideran\u00e7as empresariais e pol\u00edticas em Bras\u00edlia por pauta de desenvolvimento econ\u00f4mico e social Por Samanta Sallum O vice-presidente da Rep\u00fablica e ministro do Desenvolvimento da Ind\u00fastria, Com\u00e9rcio e Servi\u00e7os, Geraldo Alckmin, disse ontem a uma plateia repleta de lideran\u00e7as empresariais e de parlamentares que os juros poderiam estar mais baixos no pa\u00eds. Segundo ele, o governo federal est\u00e1 [&hellip;]<\/p>\n","protected":false},"author":125,"featured_media":15682,"comment_status":"open","ping_status":"open","sticky":false,"template":"","format":"standard","meta":{"footnotes":""},"categories":[6],"tags":[726,159,2130,2053,629,64],"class_list":["post-15678","post","type-post","status-publish","format-standard","has-post-thumbnail","hentry","category-coluna-capital-s-a","tag-eleicoes","tag-fecomerciodf","tag-geraldoalckimin","tag-perse","tag-reformatributaria","tag-cni"],"_links":{"self":[{"href":"https:\/\/blogs.correiobraziliense.com.br\/capital-sa\/wp-json\/wp\/v2\/posts\/15678","targetHints":{"allow":["GET"]}}],"collection":[{"href":"https:\/\/blogs.correiobraziliense.com.br\/capital-sa\/wp-json\/wp\/v2\/posts"}],"about":[{"href":"https:\/\/blogs.correiobraziliense.com.br\/capital-sa\/wp-json\/wp\/v2\/types\/post"}],"author":[{"embeddable":true,"href":"https:\/\/blogs.correiobraziliense.com.br\/capital-sa\/wp-json\/wp\/v2\/users\/125"}],"replies":[{"embeddable":true,"href":"https:\/\/blogs.correiobraziliense.com.br\/capital-sa\/wp-json\/wp\/v2\/comments?post=15678"}],"version-history":[{"count":9,"href":"https:\/\/blogs.correiobraziliense.com.br\/capital-sa\/wp-json\/wp\/v2\/posts\/15678\/revisions"}],"predecessor-version":[{"id":15690,"href":"https:\/\/blogs.correiobraziliense.com.br\/capital-sa\/wp-json\/wp\/v2\/posts\/15678\/revisions\/15690"}],"wp:featuredmedia":[{"embeddable":true,"href":"https:\/\/blogs.correiobraziliense.com.br\/capital-sa\/wp-json\/wp\/v2\/media\/15682"}],"wp:attachment":[{"href":"https:\/\/blogs.correiobraziliense.com.br\/capital-sa\/wp-json\/wp\/v2\/media?parent=15678"}],"wp:term":[{"taxonomy":"category","embeddable":true,"href":"https:\/\/blogs.correiobraziliense.com.br\/capital-sa\/wp-json\/wp\/v2\/categories?post=15678"},{"taxonomy":"post_tag","embeddable":true,"href":"https:\/\/blogs.correiobraziliense.com.br\/capital-sa\/wp-json\/wp\/v2\/tags?post=15678"}],"curies":[{"name":"wp","href":"https:\/\/api.w.org\/{rel}","templated":true}]}}