{"id":1567,"date":"2021-01-26T19:32:45","date_gmt":"2021-01-26T22:32:45","guid":{"rendered":"https:\/\/blogs.correiobraziliense.com.br\/capital-sa\/?p=1567"},"modified":"2021-01-27T09:35:08","modified_gmt":"2021-01-27T12:35:08","slug":"vacinas-da-embrapa-para-agricultura-do-cerrado","status":"publish","type":"post","link":"https:\/\/blogs.correiobraziliense.com.br\/capital-sa\/2021\/01\/26\/vacinas-da-embrapa-para-agricultura-do-cerrado\/","title":{"rendered":"\u201cVacinas\u201d da Embrapa para agricultura do cerrado"},"content":{"rendered":"<p>KO Em breve, ainda este ano, a Embrapa vai lan\u00e7ar um biopesticida para o controle da lagarta-falsa-medideira em algod\u00e3o e soja. A Regi\u00e3o Centro-Oeste \u00e9 respons\u00e1vel pela maior parte da produ\u00e7\u00e3o de soja no Brasil.<\/p>\n<p><b>Feij\u00e3o blindado<\/b><\/p>\n<p>O feij\u00e3o tamb\u00e9m foi destaque nas pesquisas da Embrapa em 2020. Foi desenvolvido um in\u00e9dito feij\u00e3o resistente \u00e0 doen\u00e7a bacteriana quarenten\u00e1ria, que ataca as planta\u00e7\u00f5es de pa\u00edses como Peru, Bol\u00edvia e Col\u00f4mbia. A empresa se antecipou e buscou uma solu\u00e7\u00e3o para blindar a produ\u00e7\u00e3o brasileira.<\/p>\n<p><img loading=\"lazy\" decoding=\"async\" class=\"aligncenter size-medium wp-image-1576\" src=\"https:\/\/blogs.correiobraziliense.com.br\/capital-sa\/wp-content\/uploads\/sites\/59\/2021\/01\/45A5B69D-E5EE-4B9C-8FB7-26C8F4B5990E-300x214.jpeg\" alt=\"\" width=\"300\" height=\"214\" \/><\/p>\n<p>&nbsp;<\/p>\n<p><b>Ajuda ao milho africano<\/b><\/p>\n<p>Em 2020, a Embrapa, com sede em Bras\u00edlia, estabeleceu 136 parcerias novas, 90% com empresas do setor privado. E fez transfer\u00eancias de tecnologia para diversos pa\u00edses. Onze na\u00e7\u00f5es da \u00c1frica est\u00e3o adotando o bioepesticida para combater a lagarta-cartuxo, a principal praga da lavoura de milho tamb\u00e9m no Brasil. \u201cEssas parcerias internacionais s\u00e3o importantes a\u00e7\u00f5es no combate \u00e0 fome no mundo\u201d, ressalta o presidente da Embrapa, Celso Moretti.<\/p>\n<p><b>Sa\u00fade da agricultura e da economia<\/b><\/p>\n<blockquote><p>\u201cEstamos empenhados em proteger nossa agricultura.\u00a0Se a produ\u00e7\u00e3o de feij\u00e3o, por exemplo, \u00e9 afetada por uma doen\u00e7a, isso acarreta uma s\u00e9rie de problemas econ\u00f4micos para o pa\u00eds, como o aumento da infla\u00e7\u00e3o. Proteger a sa\u00fade de nossas safras \u00e9 proteger a nossa economia\u201d, afirma.Moretti.<\/p><\/blockquote>\n","protected":false},"excerpt":{"rendered":"<p>KO Em breve, ainda este ano, a Embrapa vai lan\u00e7ar um biopesticida para o controle da lagarta-falsa-medideira em algod\u00e3o e soja. A Regi\u00e3o Centro-Oeste \u00e9 respons\u00e1vel pela maior parte da produ\u00e7\u00e3o de soja no Brasil. Feij\u00e3o blindado O feij\u00e3o tamb\u00e9m foi destaque nas pesquisas da Embrapa em 2020. Foi desenvolvido um in\u00e9dito feij\u00e3o resistente \u00e0 doen\u00e7a bacteriana quarenten\u00e1ria, que ataca [&hellip;]<\/p>\n","protected":false},"author":125,"featured_media":1569,"comment_status":"open","ping_status":"open","sticky":false,"template":"","format":"standard","meta":{"footnotes":""},"categories":[1],"tags":[],"class_list":["post-1567","post","type-post","status-publish","format-standard","has-post-thumbnail","hentry","category-sem-categoria"],"_links":{"self":[{"href":"https:\/\/blogs.correiobraziliense.com.br\/capital-sa\/wp-json\/wp\/v2\/posts\/1567","targetHints":{"allow":["GET"]}}],"collection":[{"href":"https:\/\/blogs.correiobraziliense.com.br\/capital-sa\/wp-json\/wp\/v2\/posts"}],"about":[{"href":"https:\/\/blogs.correiobraziliense.com.br\/capital-sa\/wp-json\/wp\/v2\/types\/post"}],"author":[{"embeddable":true,"href":"https:\/\/blogs.correiobraziliense.com.br\/capital-sa\/wp-json\/wp\/v2\/users\/125"}],"replies":[{"embeddable":true,"href":"https:\/\/blogs.correiobraziliense.com.br\/capital-sa\/wp-json\/wp\/v2\/comments?post=1567"}],"version-history":[{"count":6,"href":"https:\/\/blogs.correiobraziliense.com.br\/capital-sa\/wp-json\/wp\/v2\/posts\/1567\/revisions"}],"predecessor-version":[{"id":1579,"href":"https:\/\/blogs.correiobraziliense.com.br\/capital-sa\/wp-json\/wp\/v2\/posts\/1567\/revisions\/1579"}],"wp:featuredmedia":[{"embeddable":true,"href":"https:\/\/blogs.correiobraziliense.com.br\/capital-sa\/wp-json\/wp\/v2\/media\/1569"}],"wp:attachment":[{"href":"https:\/\/blogs.correiobraziliense.com.br\/capital-sa\/wp-json\/wp\/v2\/media?parent=1567"}],"wp:term":[{"taxonomy":"category","embeddable":true,"href":"https:\/\/blogs.correiobraziliense.com.br\/capital-sa\/wp-json\/wp\/v2\/categories?post=1567"},{"taxonomy":"post_tag","embeddable":true,"href":"https:\/\/blogs.correiobraziliense.com.br\/capital-sa\/wp-json\/wp\/v2\/tags?post=1567"}],"curies":[{"name":"wp","href":"https:\/\/api.w.org\/{rel}","templated":true}]}}