{"id":15617,"date":"2024-03-04T08:28:15","date_gmt":"2024-03-04T11:28:15","guid":{"rendered":"https:\/\/blogs.correiobraziliense.com.br\/capital-sa\/?p=15617"},"modified":"2024-03-04T15:36:02","modified_gmt":"2024-03-04T18:36:02","slug":"ibaneis-apresenta-hoje-ppcub-a-distritais-e-ao-setor-produtivo","status":"publish","type":"post","link":"https:\/\/blogs.correiobraziliense.com.br\/capital-sa\/2024\/03\/04\/ibaneis-apresenta-hoje-ppcub-a-distritais-e-ao-setor-produtivo\/","title":{"rendered":"Ibaneis apresenta hoje PPCUB a distritais e ao setor produtivo"},"content":{"rendered":"<p><b>Por Samanta Sallum<\/b><\/p>\n<p class=\"p1\"><span class=\"s1\">O governador Ibaneis Rocha assinou hoje, pela manh\u00e3, no Pal\u00e1cio do Buriti, a mensagem que ser\u00e1 enviada \u00e0 C\u00e2mara Legislativa do DF com o Projeto de Lei Complementar do Plano de Preserva\u00e7\u00e3o do Conjunto Urban\u00edstico de Bras\u00edlia (PPCUB). O ato tem\u00a0forte simbolismo, pois o texto vem sendo discutido h\u00e1 15 anos, numa longa novela de vai e vem\u00a0entre Executivo e Legislativo local. O secret\u00e1rio de Desenvolvimento Urbano e Habita\u00e7\u00e3o, Marcelo Vaz, ir\u00e1 pessoalmente,\u00a0<\/span><span class=\"s2\">\u00e0s 14h,<\/span><span class=\"s1\"> entregar o projeto ao presidente da C\u00e2mara,\u00a0Wellington Luiz (MDB). E far\u00e1 uma apresenta\u00e7\u00e3o oficial da proposta a todos os deputados distritais e tamb\u00e9m aos representantes do setor produtivo.<\/span><\/p>\n<p class=\"p1\"><span class=\"s1\">\u201cConvidei todos, tanto nossos parlamentares como as entidades empresariais, para participarem deste encontro\u201d, disse Wellington \u00e0 coluna. \u201cAcredito que 60 dias \u00e9 um prazo suficiente para votarmos o projeto de forma segura. Que seja um processo sem atropelos, mas tamb\u00e9m sem morosidade\u201d, refor\u00e7ou o distrital.<\/span><\/p>\n<p class=\"p1\"><span class=\"s1\"><strong>Apelo<\/strong>\u00a0<\/span><\/p>\n<p class=\"p1\"><span class=\"s1\">O secret\u00e1rio Marcelo Vaz disse \u00e0 coluna que pretende fazer um apelo para que os distritais n\u00e3o fa\u00e7am muitas altera\u00e7\u00f5es. &#8220;Vou tentar sensibilizar os deputados\u00a0quanto \u00e0 seguran\u00e7a jur\u00eddica que \u00a0j\u00e1 temos no texto final a ser apresentado, que passou por audi\u00eancias p\u00fablicas, pela aprova\u00e7\u00e3o\u00a0do Conplan e do Iphan. \u00c9 uma proposta madura e tecnicamente respaldada&#8221;, contou.<\/span><\/p>\n<p class=\"p1\"><span class=\"s1\"><b>Setor Comercial Sul de fora\u00a0<\/b><\/span><\/p>\n<p class=\"p1\"><span class=\"s1\">Para o GDF, o projeto n\u00e3o apresentar\u00e1 pol\u00eamicas. A parte que poderia gerar mais discuss\u00f5es seria sobre o uso residencial do Setor Comercial Sul, mas esta ficou de fora. Ser\u00e1 algo tratado futuramente e de forma pontual.<\/span><\/p>\n<p class=\"p1\"><span class=\"s1\"><b>Desenvolvimento sustent\u00e1vel\u00a0<\/b><\/span><\/p>\n<p class=\"p1\"><span class=\"s1\">&#8220;O PPCUB ir\u00e1 promover o desenvolvimento sustent\u00e1vel do Plano Piloto aliado \u00e0 Preserva\u00e7\u00e3o Hist\u00f3rica e Cultural, item fundamental para a manuten\u00e7\u00e3o da nossa identidade arquitet\u00f4nica. A Ademi-DF acompanhou esse projeto desde o in\u00edcio, participando de todas as reuni\u00f5es abertas ao p\u00fablico, e est\u00e1 de acordo com todos os pontos ali contidos&#8221;, destaca o presidente da Ademi\/DF, Roberto Botelho.<\/span><\/p>\n<p><img loading=\"lazy\" decoding=\"async\" class=\"aligncenter size-medium wp-image-15636\" src=\"https:\/\/blogs.correiobraziliense.com.br\/capital-sa\/wp-content\/uploads\/sites\/59\/2024\/03\/BF0B4D44-FFC0-4729-8A6B-22CEE412E5DF-300x265.jpeg\" alt=\"\" width=\"300\" height=\"265\" srcset=\"https:\/\/blogs.correiobraziliense.com.br\/capital-sa\/wp-content\/uploads\/sites\/59\/2024\/03\/BF0B4D44-FFC0-4729-8A6B-22CEE412E5DF-300x265.jpeg 300w, https:\/\/blogs.correiobraziliense.com.br\/capital-sa\/wp-content\/uploads\/sites\/59\/2024\/03\/BF0B4D44-FFC0-4729-8A6B-22CEE412E5DF-768x678.jpeg 768w, https:\/\/blogs.correiobraziliense.com.br\/capital-sa\/wp-content\/uploads\/sites\/59\/2024\/03\/BF0B4D44-FFC0-4729-8A6B-22CEE412E5DF-800x706.jpeg 800w, https:\/\/blogs.correiobraziliense.com.br\/capital-sa\/wp-content\/uploads\/sites\/59\/2024\/03\/BF0B4D44-FFC0-4729-8A6B-22CEE412E5DF-550x486.jpeg 550w, https:\/\/blogs.correiobraziliense.com.br\/capital-sa\/wp-content\/uploads\/sites\/59\/2024\/03\/BF0B4D44-FFC0-4729-8A6B-22CEE412E5DF-230x203.jpeg 230w, https:\/\/blogs.correiobraziliense.com.br\/capital-sa\/wp-content\/uploads\/sites\/59\/2024\/03\/BF0B4D44-FFC0-4729-8A6B-22CEE412E5DF.jpeg 974w\" sizes=\"auto, (max-width: 300px) 100vw, 300px\" \/><\/p>\n<p class=\"p1\"><span class=\"s1\">Na justificativa do projeto, o GDF afirma a garantia de gest\u00e3o mais eficaz da regi\u00e3o, aliando preserva\u00e7\u00e3o e desenvolvimento sustent\u00e1vel. \u201cA\u00a0<\/span>presente proposta de Lei Complementar do PPCUB vem consolidar e atualizar a normativa de uso e ocupa\u00e7\u00e3o do solo para lotes e proje\u00e7\u00f5es registrados em cart\u00f3rio ou implantados pelo Poder P\u00fablico\u00a0nas \u00e1reas integrantes das Regi\u00f5es Administrativas do Plano Piloto, Cruzeiro, Candangolandia, Sudoeste\/Octogonal e Setor de Ind\u00fastrias Gr\u00e1ficas. Vem sistematizar as bases da legisla\u00e7\u00e3o de preserva\u00e7\u00e3o deste importante conjunto urbano tombado em n\u00edvel distrital e federal e inscrito na Unesco como Patrim\u00f4nio da Humanidade: assim como vem\u00a0definir as diretrizes b\u00e1sicas para o desenvolvimento de planos, programas e projetos do escolpo do Plano de Desenvolvimento Local das \u00e1reas integrantres da Unidade de Planejajmento\u00a0Territorial Central &#8211; UPT.\u201d<\/p>\n","protected":false},"excerpt":{"rendered":"<p>Por Samanta Sallum O governador Ibaneis Rocha assinou hoje, pela manh\u00e3, no Pal\u00e1cio do Buriti, a mensagem que ser\u00e1 enviada \u00e0 C\u00e2mara Legislativa do DF com o Projeto de Lei Complementar do Plano de Preserva\u00e7\u00e3o do Conjunto Urban\u00edstico de Bras\u00edlia (PPCUB). O ato tem\u00a0forte simbolismo, pois o texto vem sendo discutido h\u00e1 15 anos, numa longa novela de vai e [&hellip;]<\/p>\n","protected":false},"author":125,"featured_media":15635,"comment_status":"open","ping_status":"open","sticky":false,"template":"","format":"standard","meta":{"footnotes":""},"categories":[6],"tags":[1576,1686,1655,203,642,568,21],"class_list":["post-15617","post","type-post","status-publish","format-standard","has-post-thumbnail","hentry","category-coluna-capital-s-a","tag-ademi","tag-cldf","tag-desenvolvimentosustentavel","tag-gdf","tag-ibaneisrocha","tag-ppcub","tag-scs"],"_links":{"self":[{"href":"https:\/\/blogs.correiobraziliense.com.br\/capital-sa\/wp-json\/wp\/v2\/posts\/15617","targetHints":{"allow":["GET"]}}],"collection":[{"href":"https:\/\/blogs.correiobraziliense.com.br\/capital-sa\/wp-json\/wp\/v2\/posts"}],"about":[{"href":"https:\/\/blogs.correiobraziliense.com.br\/capital-sa\/wp-json\/wp\/v2\/types\/post"}],"author":[{"embeddable":true,"href":"https:\/\/blogs.correiobraziliense.com.br\/capital-sa\/wp-json\/wp\/v2\/users\/125"}],"replies":[{"embeddable":true,"href":"https:\/\/blogs.correiobraziliense.com.br\/capital-sa\/wp-json\/wp\/v2\/comments?post=15617"}],"version-history":[{"count":16,"href":"https:\/\/blogs.correiobraziliense.com.br\/capital-sa\/wp-json\/wp\/v2\/posts\/15617\/revisions"}],"predecessor-version":[{"id":15645,"href":"https:\/\/blogs.correiobraziliense.com.br\/capital-sa\/wp-json\/wp\/v2\/posts\/15617\/revisions\/15645"}],"wp:featuredmedia":[{"embeddable":true,"href":"https:\/\/blogs.correiobraziliense.com.br\/capital-sa\/wp-json\/wp\/v2\/media\/15635"}],"wp:attachment":[{"href":"https:\/\/blogs.correiobraziliense.com.br\/capital-sa\/wp-json\/wp\/v2\/media?parent=15617"}],"wp:term":[{"taxonomy":"category","embeddable":true,"href":"https:\/\/blogs.correiobraziliense.com.br\/capital-sa\/wp-json\/wp\/v2\/categories?post=15617"},{"taxonomy":"post_tag","embeddable":true,"href":"https:\/\/blogs.correiobraziliense.com.br\/capital-sa\/wp-json\/wp\/v2\/tags?post=15617"}],"curies":[{"name":"wp","href":"https:\/\/api.w.org\/{rel}","templated":true}]}}