{"id":15605,"date":"2024-02-29T16:13:31","date_gmt":"2024-02-29T19:13:31","guid":{"rendered":"https:\/\/blogs.correiobraziliense.com.br\/capital-sa\/?p=15605"},"modified":"2024-02-29T18:48:07","modified_gmt":"2024-02-29T21:48:07","slug":"inmetro-reduz-15-de-taxas-para-empresas","status":"publish","type":"post","link":"https:\/\/blogs.correiobraziliense.com.br\/capital-sa\/2024\/02\/29\/inmetro-reduz-15-de-taxas-para-empresas\/","title":{"rendered":"Inmetro reduz 15% de taxas para empresas"},"content":{"rendered":"<p><i>As decis\u00f5es contidas na portaria foram tomadas em reuni\u00e3o com ministro do MDIC, Geraldo Alckmin, e fazem parte de novo programa nacional de apoio \u00e0 ind\u00fastria\u00a0<\/i><\/p>\n<p class=\"p1\"><b>Por Samanta Sallum\u00a0<\/b><\/p>\n<p class=\"p1\"><span class=\"s2\">Portaria publicada pelo Inmetro (Instituto Nacional de Metrologia, Qualidade e Tecnologia) no Di\u00e1rio Oficial da Uni\u00e3o de quarta-feira (28) trouxe uma boa not\u00edcia para o setor produtivo do pa\u00eds: as taxas de servi\u00e7os para empresas acreditadas ou com selo de certifica\u00e7\u00e3o do instituto ter\u00e3o redu\u00e7\u00e3o de 15%. Atualmente a infraestrutura da qualidade no Brasil \u00e9 composta por 3.157 empresas, que englobam de laborat\u00f3rios at\u00e9 organismos de certifica\u00e7\u00e3o e de inspe\u00e7\u00e3o validados pelo instituto. Todas elas ser\u00e3o beneficiadas.<\/span><\/p>\n<p class=\"p1\"><span class=\"s2\">Essas empresas\u00a0s\u00e3o submetidas a avalia\u00e7\u00f5es anuais de conformidade pela Coordena\u00e7\u00e3o-Geral de Acredita\u00e7\u00e3o do Inmetro (Cgcre), com um custo pelo servi\u00e7o prestado na ordem de R$ 60 mil por ano. Os valores s\u00e3o estabelecidos por meio do normativo NIE-Ccgre-140 e NIT-Dicla-052, na modalidade supervis\u00e3o e reavalia\u00e7\u00e3o.<\/span><\/p>\n<p><img loading=\"lazy\" decoding=\"async\" class=\"aligncenter size-medium wp-image-15611\" src=\"https:\/\/blogs.correiobraziliense.com.br\/capital-sa\/wp-content\/uploads\/sites\/59\/2024\/02\/6440B0F8-4DE5-4999-8FFE-2926F27BF399-300x200.jpeg\" alt=\"\" width=\"300\" height=\"200\" srcset=\"https:\/\/blogs.correiobraziliense.com.br\/capital-sa\/wp-content\/uploads\/sites\/59\/2024\/02\/6440B0F8-4DE5-4999-8FFE-2926F27BF399-300x200.jpeg 300w, https:\/\/blogs.correiobraziliense.com.br\/capital-sa\/wp-content\/uploads\/sites\/59\/2024\/02\/6440B0F8-4DE5-4999-8FFE-2926F27BF399-768x512.jpeg 768w, https:\/\/blogs.correiobraziliense.com.br\/capital-sa\/wp-content\/uploads\/sites\/59\/2024\/02\/6440B0F8-4DE5-4999-8FFE-2926F27BF399-1024x683.jpeg 1024w, https:\/\/blogs.correiobraziliense.com.br\/capital-sa\/wp-content\/uploads\/sites\/59\/2024\/02\/6440B0F8-4DE5-4999-8FFE-2926F27BF399-1440x960.jpeg 1440w, https:\/\/blogs.correiobraziliense.com.br\/capital-sa\/wp-content\/uploads\/sites\/59\/2024\/02\/6440B0F8-4DE5-4999-8FFE-2926F27BF399-800x534.jpeg 800w, https:\/\/blogs.correiobraziliense.com.br\/capital-sa\/wp-content\/uploads\/sites\/59\/2024\/02\/6440B0F8-4DE5-4999-8FFE-2926F27BF399-550x367.jpeg 550w, https:\/\/blogs.correiobraziliense.com.br\/capital-sa\/wp-content\/uploads\/sites\/59\/2024\/02\/6440B0F8-4DE5-4999-8FFE-2926F27BF399-230x153.jpeg 230w, https:\/\/blogs.correiobraziliense.com.br\/capital-sa\/wp-content\/uploads\/sites\/59\/2024\/02\/6440B0F8-4DE5-4999-8FFE-2926F27BF399.jpeg 1600w\" sizes=\"auto, (max-width: 300px) 100vw, 300px\" \/><\/p>\n<p class=\"p1\"><span class=\"s2\">&#8220;A Nova Ind\u00fastria Brasil significa tamb\u00e9m simplifica\u00e7\u00e3o e redu\u00e7\u00e3o de custos para nosso setor produtivo&#8221;, celebrou o vice-presidente e ministro do Desenvolvimento, Ind\u00fastria, Com\u00e9rcio e Servi\u00e7os, Geraldo Alckmin, referindo-se \u00e0 pol\u00edtica industrial lan\u00e7ada em janeiro pelo governo. As decis\u00f5es contidas na portaria foram tomadas em reuni\u00e3o na \u00faltima sexta-feira, entre Alckmin e o presidente do Inmetro, M\u00e1rcio Andr\u00e9 Brito.<\/span><\/p>\n<p class=\"p1\"><span class=\"s2\">O presidente do Inmetro ressalta a import\u00e2ncia da certifica\u00e7\u00e3o das empresas e de seus servi\u00e7os. \u201cAs validadas pelo Inmetro s\u00e3o respons\u00e1veis pela realiza\u00e7\u00e3o de ensaios, testes, certifica\u00e7\u00f5es de produtos e servi\u00e7os em cumprimento aos crit\u00e9rios de qualidade e seguran\u00e7a estabelecidos nos regulamentos t\u00e9cnicos vigentes. Com isso, garantem a rastreabilidade de produtos fabricados, importados e comercializados, fortalecendo a cadeia de consumo do mercado brasileiro\u201d, explica Brito.<\/span><\/p>\n<p><img loading=\"lazy\" decoding=\"async\" class=\"aligncenter size-medium wp-image-15610\" src=\"https:\/\/blogs.correiobraziliense.com.br\/capital-sa\/wp-content\/uploads\/sites\/59\/2024\/02\/A790E006-3254-418D-934E-D359B211DCF8-300x200.jpeg\" alt=\"\" width=\"300\" height=\"200\" srcset=\"https:\/\/blogs.correiobraziliense.com.br\/capital-sa\/wp-content\/uploads\/sites\/59\/2024\/02\/A790E006-3254-418D-934E-D359B211DCF8-300x200.jpeg 300w, https:\/\/blogs.correiobraziliense.com.br\/capital-sa\/wp-content\/uploads\/sites\/59\/2024\/02\/A790E006-3254-418D-934E-D359B211DCF8-768x512.jpeg 768w, https:\/\/blogs.correiobraziliense.com.br\/capital-sa\/wp-content\/uploads\/sites\/59\/2024\/02\/A790E006-3254-418D-934E-D359B211DCF8-1024x682.jpeg 1024w, https:\/\/blogs.correiobraziliense.com.br\/capital-sa\/wp-content\/uploads\/sites\/59\/2024\/02\/A790E006-3254-418D-934E-D359B211DCF8-800x533.jpeg 800w, https:\/\/blogs.correiobraziliense.com.br\/capital-sa\/wp-content\/uploads\/sites\/59\/2024\/02\/A790E006-3254-418D-934E-D359B211DCF8-550x367.jpeg 550w, https:\/\/blogs.correiobraziliense.com.br\/capital-sa\/wp-content\/uploads\/sites\/59\/2024\/02\/A790E006-3254-418D-934E-D359B211DCF8-230x153.jpeg 230w, https:\/\/blogs.correiobraziliense.com.br\/capital-sa\/wp-content\/uploads\/sites\/59\/2024\/02\/A790E006-3254-418D-934E-D359B211DCF8.jpeg 1280w\" sizes=\"auto, (max-width: 300px) 100vw, 300px\" \/><\/p>\n<p class=\"p1\"><span class=\"s2\">As 3.157 empresas beneficiadas com as medidas do Inmetro est\u00e3o assim distribu\u00eddas pelo pa\u00eds afora: 2.014 no Sudeste, 662 no Sul, 243 na regi\u00e3o Nordeste, 181 no Centro-Oeste e apenas 57 no Norte do Brasil.<\/span><\/p>\n","protected":false},"excerpt":{"rendered":"<p>As decis\u00f5es contidas na portaria foram tomadas em reuni\u00e3o com ministro do MDIC, Geraldo Alckmin, e fazem parte de novo programa nacional de apoio \u00e0 ind\u00fastria\u00a0 Por Samanta Sallum\u00a0 Portaria publicada pelo Inmetro (Instituto Nacional de Metrologia, Qualidade e Tecnologia) no Di\u00e1rio Oficial da Uni\u00e3o de quarta-feira (28) trouxe uma boa not\u00edcia para o setor produtivo do pa\u00eds: as taxas [&hellip;]<\/p>\n","protected":false},"author":125,"featured_media":15613,"comment_status":"open","ping_status":"open","sticky":false,"template":"","format":"standard","meta":{"footnotes":""},"categories":[6],"tags":[2131,2130,2129,2117,943],"class_list":["post-15605","post","type-post","status-publish","format-standard","has-post-thumbnail","hentry","category-coluna-capital-s-a","tag-diariooficial","tag-geraldoalckimin","tag-inmetro","tag-mdic","tag-reducao"],"_links":{"self":[{"href":"https:\/\/blogs.correiobraziliense.com.br\/capital-sa\/wp-json\/wp\/v2\/posts\/15605","targetHints":{"allow":["GET"]}}],"collection":[{"href":"https:\/\/blogs.correiobraziliense.com.br\/capital-sa\/wp-json\/wp\/v2\/posts"}],"about":[{"href":"https:\/\/blogs.correiobraziliense.com.br\/capital-sa\/wp-json\/wp\/v2\/types\/post"}],"author":[{"embeddable":true,"href":"https:\/\/blogs.correiobraziliense.com.br\/capital-sa\/wp-json\/wp\/v2\/users\/125"}],"replies":[{"embeddable":true,"href":"https:\/\/blogs.correiobraziliense.com.br\/capital-sa\/wp-json\/wp\/v2\/comments?post=15605"}],"version-history":[{"count":7,"href":"https:\/\/blogs.correiobraziliense.com.br\/capital-sa\/wp-json\/wp\/v2\/posts\/15605\/revisions"}],"predecessor-version":[{"id":15616,"href":"https:\/\/blogs.correiobraziliense.com.br\/capital-sa\/wp-json\/wp\/v2\/posts\/15605\/revisions\/15616"}],"wp:featuredmedia":[{"embeddable":true,"href":"https:\/\/blogs.correiobraziliense.com.br\/capital-sa\/wp-json\/wp\/v2\/media\/15613"}],"wp:attachment":[{"href":"https:\/\/blogs.correiobraziliense.com.br\/capital-sa\/wp-json\/wp\/v2\/media?parent=15605"}],"wp:term":[{"taxonomy":"category","embeddable":true,"href":"https:\/\/blogs.correiobraziliense.com.br\/capital-sa\/wp-json\/wp\/v2\/categories?post=15605"},{"taxonomy":"post_tag","embeddable":true,"href":"https:\/\/blogs.correiobraziliense.com.br\/capital-sa\/wp-json\/wp\/v2\/tags?post=15605"}],"curies":[{"name":"wp","href":"https:\/\/api.w.org\/{rel}","templated":true}]}}