{"id":1560,"date":"2021-01-26T09:55:38","date_gmt":"2021-01-26T12:55:38","guid":{"rendered":"https:\/\/blogs.correiobraziliense.com.br\/capital-sa\/?p=1560"},"modified":"2021-01-26T10:02:03","modified_gmt":"2021-01-26T13:02:03","slug":"empresarios-e-gdf-divergem-sobre-horario-de-bares","status":"publish","type":"post","link":"https:\/\/blogs.correiobraziliense.com.br\/capital-sa\/2021\/01\/26\/empresarios-e-gdf-divergem-sobre-horario-de-bares\/","title":{"rendered":"Empres\u00e1rios e GDF divergem sobre hor\u00e1rio de bares"},"content":{"rendered":"<p>A Abrasel-DF criticou a posi\u00e7\u00e3o do governador Ibaneis Rocha em n\u00e3o permitir o retorno do hor\u00e1rio normal de funcionamento de bares e restaurantes na capital federal.<\/p>\n<p>\u201cAcreditamos que somos parte da solu\u00e7\u00e3o e n\u00e3o do problema. Os restaurantes e bares, que seguem os protocolos sanit\u00e1rios, ajudam a proteger a popula\u00e7\u00e3o. Sem op\u00e7\u00e3o, as pessoas se aglomeram em outros pontos\u201d, afirmou o presidente da Abrasel-DF, Beto Pinheiro.<\/p>\n<p><strong>PM deve intervir<\/strong><\/p>\n<blockquote><p>Segundo Pinheiro, aglomera\u00e7\u00e3o deve ser coibida pela pol\u00edcia.<br \/>\n\u201cO problema \u00e9 quem est\u00e1 fazendo aglomera\u00e7\u00e3o. Foi assinado um termo de coopera\u00e7\u00e3o entre o DF Legal e a PM. \u00c9 isso que resolve, colocando a PM para fiscalizar. E n\u00e3o penalizando tantas empresas\u201d, argumenta.<\/p><\/blockquote>\n<p><strong>Ibaneis nega pedido<\/strong><\/p>\n<p>O governador, no entanto, declarou ontem que a prioridade agora \u00e9 garantir a sa\u00fade da popula\u00e7\u00e3o, e n\u00e3o estender hor\u00e1rio de bar e restaurante. \u201cPrecisamos nos preocupar agora com a nossa rede hospitalar, isso vem em primeiro lugar\u201d, ressaltou.<\/p>\n<p><strong>Resultados positivos<\/strong><\/p>\n<blockquote><p>\u201cVou manter a restri\u00e7\u00e3o do hor\u00e1rio. Tivemos resultados muito positivos aqui no Distrito Federal com a medida. Tanto que os n\u00fameros aqui est\u00e3o caindo, enquanto em outros locais do pa\u00eds est\u00e3o aumentando\u201d, refor\u00e7ou Ibaneis Rocha.<\/p><\/blockquote>\n<p><strong>Preju\u00edzos ao setor<\/strong><\/p>\n<p>O Sindhobar e a Abrasel enviaram documento oficial ao governador, em 20 de janeiro, pedindo o retorno do hor\u00e1rio de funcionamento normal dos restaurantes e bares na capital federal.<\/p>\n<p>As entidades representam mais de 11 mil estabelecimentos (incluindo hot\u00e9is) e alegam grande preju\u00edzo do setor com a obrigatoriedade de fechar <a href=\"\/\/2\">\u00e0s 23h<\/a>.<\/p>\n<p><strong>Rem\u00e9dio amargo<\/strong><\/p>\n<p>\u201cO rem\u00e9dio hoje no DF est\u00e1 injusto. Est\u00e1 matando os empres\u00e1rios para pegar quem est\u00e1 errado. \u00c9 como prender todos os moradores de um condom\u00ednio porque entre eles h\u00e1 um traficante\u201d, disse Pinheiro.<\/p>\n<p>&nbsp;<\/p>\n","protected":false},"excerpt":{"rendered":"<p>A Abrasel-DF criticou a posi\u00e7\u00e3o do governador Ibaneis Rocha em n\u00e3o permitir o retorno do hor\u00e1rio normal de funcionamento de bares e restaurantes na capital federal. \u201cAcreditamos que somos parte da solu\u00e7\u00e3o e n\u00e3o do problema. Os restaurantes e bares, que seguem os protocolos sanit\u00e1rios, ajudam a proteger a popula\u00e7\u00e3o. Sem op\u00e7\u00e3o, as pessoas se aglomeram em outros pontos\u201d, afirmou [&hellip;]<\/p>\n","protected":false},"author":125,"featured_media":1562,"comment_status":"open","ping_status":"open","sticky":false,"template":"","format":"standard","meta":{"footnotes":""},"categories":[1],"tags":[],"class_list":["post-1560","post","type-post","status-publish","format-standard","has-post-thumbnail","hentry","category-sem-categoria"],"_links":{"self":[{"href":"https:\/\/blogs.correiobraziliense.com.br\/capital-sa\/wp-json\/wp\/v2\/posts\/1560","targetHints":{"allow":["GET"]}}],"collection":[{"href":"https:\/\/blogs.correiobraziliense.com.br\/capital-sa\/wp-json\/wp\/v2\/posts"}],"about":[{"href":"https:\/\/blogs.correiobraziliense.com.br\/capital-sa\/wp-json\/wp\/v2\/types\/post"}],"author":[{"embeddable":true,"href":"https:\/\/blogs.correiobraziliense.com.br\/capital-sa\/wp-json\/wp\/v2\/users\/125"}],"replies":[{"embeddable":true,"href":"https:\/\/blogs.correiobraziliense.com.br\/capital-sa\/wp-json\/wp\/v2\/comments?post=1560"}],"version-history":[{"count":4,"href":"https:\/\/blogs.correiobraziliense.com.br\/capital-sa\/wp-json\/wp\/v2\/posts\/1560\/revisions"}],"predecessor-version":[{"id":1565,"href":"https:\/\/blogs.correiobraziliense.com.br\/capital-sa\/wp-json\/wp\/v2\/posts\/1560\/revisions\/1565"}],"wp:featuredmedia":[{"embeddable":true,"href":"https:\/\/blogs.correiobraziliense.com.br\/capital-sa\/wp-json\/wp\/v2\/media\/1562"}],"wp:attachment":[{"href":"https:\/\/blogs.correiobraziliense.com.br\/capital-sa\/wp-json\/wp\/v2\/media?parent=1560"}],"wp:term":[{"taxonomy":"category","embeddable":true,"href":"https:\/\/blogs.correiobraziliense.com.br\/capital-sa\/wp-json\/wp\/v2\/categories?post=1560"},{"taxonomy":"post_tag","embeddable":true,"href":"https:\/\/blogs.correiobraziliense.com.br\/capital-sa\/wp-json\/wp\/v2\/tags?post=1560"}],"curies":[{"name":"wp","href":"https:\/\/api.w.org\/{rel}","templated":true}]}}