{"id":15565,"date":"2024-02-26T08:55:20","date_gmt":"2024-02-26T11:55:20","guid":{"rendered":"https:\/\/blogs.correiobraziliense.com.br\/capital-sa\/?p=15565"},"modified":"2024-02-26T11:19:27","modified_gmt":"2024-02-26T14:19:27","slug":"programa-elas-exportam-apoia-empresarias-a-atuar-no-comercio-exterior","status":"publish","type":"post","link":"https:\/\/blogs.correiobraziliense.com.br\/capital-sa\/2024\/02\/26\/programa-elas-exportam-apoia-empresarias-a-atuar-no-comercio-exterior\/","title":{"rendered":"Programa Elas Exportam apoia empres\u00e1rias a atuar no com\u00e9rcio exterior"},"content":{"rendered":"<p><em>Prazo de inscri\u00e7\u00f5es para mentoria do MDIC e da Apex foi prorrogado at\u00e9 a pr\u00f3xima quarta-feira (28\/2)<\/em><\/p>\n<p><span class=\"s1\"><b>Por Samanta Sallum <\/b><\/span><\/p>\n<p>Pesquisa feita pelo Minist\u00e9rio do Desenvolvimento, Ind\u00fastria, Com\u00e9rcio e Servi\u00e7os (MDIC) em 2023 constatou que apenas 14% das empresas exportadoras brasileiras s\u00e3o lideradas por mulheres. \u201cNosso compromisso \u00e9 ampliar a participa\u00e7\u00e3o feminina nesse mercado de atua\u00e7\u00e3o\u201d, afirma\u00a0Tatiana Prazeres, secret\u00e1ria de Com\u00e9rcio Exterior.<\/p>\n<p>O MDIC lan\u00e7ou, em parceria com a ApexBrasil, a segunda edi\u00e7\u00e3o do <em>Elas Exportam,<\/em> programa de mentoria que busca aumentar a participa\u00e7\u00e3o de empresas lideradas por mulheres no com\u00e9rcio exterior.\u00a0 As inscri\u00e7\u00f5es foram prorrogadas at\u00e9 quarta-feira, dia 28.<\/p>\n<p>Nesta edi\u00e7\u00e3o, ser\u00e3o 30 duplas, com foco nos setores de higiene pessoal, perfumaria, cosm\u00e9ticos, vestu\u00e1rio e t\u00eaxtil.<\/p>\n<p class=\"p1\"><span class=\"s1\"><b>A\u00e7a\u00ed para o mundo<\/b><\/span><\/p>\n<p class=\"p1\"><span class=\"s1\">S\u00f3cia-diretora da empresa Amazon Tasty, Leandra Goes foi participante da edi\u00e7\u00e3o passada e deslanchou. Ela come\u00e7ou com a ideia de exportar polpas de a\u00e7a\u00ed, e hoje produz \u2018sorbet\u2019 (creme de a\u00e7a\u00ed sem leite e sem gl\u00faten). Estava na semana passada em Dubai com a Apex.<\/span><\/p>\n<p class=\"p1\"><span class=\"s1\">\u201cNo in\u00edcio, eu sabia que queria exportar. Contudo, eu n\u00e3o sabia como exportar o nosso produto, que \u00e9 o a\u00e7a\u00ed. Toda a equipe do \u201cElas Exportam\u201d desempenhou papel fundamental. Tratamos de\u00a0<\/span>marketing, negocia\u00e7\u00f5es internacionais, propriedade intelectual e treinamento de pitch. \u00c9 um programa que nos apoia e motiva para tirar o projeto do papel e dar continuidade ao Plano de Exporta\u00e7\u00e3o\u201d, conta Leandra.<\/p>\n","protected":false},"excerpt":{"rendered":"<p>Prazo de inscri\u00e7\u00f5es para mentoria do MDIC e da Apex foi prorrogado at\u00e9 a pr\u00f3xima quarta-feira (28\/2) Por Samanta Sallum Pesquisa feita pelo Minist\u00e9rio do Desenvolvimento, Ind\u00fastria, Com\u00e9rcio e Servi\u00e7os (MDIC) em 2023 constatou que apenas 14% das empresas exportadoras brasileiras s\u00e3o lideradas por mulheres. \u201cNosso compromisso \u00e9 ampliar a participa\u00e7\u00e3o feminina nesse mercado de atua\u00e7\u00e3o\u201d, afirma\u00a0Tatiana Prazeres, secret\u00e1ria de [&hellip;]<\/p>\n","protected":false},"author":125,"featured_media":15574,"comment_status":"open","ping_status":"open","sticky":false,"template":"","format":"standard","meta":{"footnotes":""},"categories":[6],"tags":[2118,2119,2117,1168,1809],"class_list":["post-15565","post","type-post","status-publish","format-standard","has-post-thumbnail","hentry","category-coluna-capital-s-a","tag-elasexportam","tag-feminina","tag-mdic","tag-participacao","tag-apex"],"_links":{"self":[{"href":"https:\/\/blogs.correiobraziliense.com.br\/capital-sa\/wp-json\/wp\/v2\/posts\/15565","targetHints":{"allow":["GET"]}}],"collection":[{"href":"https:\/\/blogs.correiobraziliense.com.br\/capital-sa\/wp-json\/wp\/v2\/posts"}],"about":[{"href":"https:\/\/blogs.correiobraziliense.com.br\/capital-sa\/wp-json\/wp\/v2\/types\/post"}],"author":[{"embeddable":true,"href":"https:\/\/blogs.correiobraziliense.com.br\/capital-sa\/wp-json\/wp\/v2\/users\/125"}],"replies":[{"embeddable":true,"href":"https:\/\/blogs.correiobraziliense.com.br\/capital-sa\/wp-json\/wp\/v2\/comments?post=15565"}],"version-history":[{"count":12,"href":"https:\/\/blogs.correiobraziliense.com.br\/capital-sa\/wp-json\/wp\/v2\/posts\/15565\/revisions"}],"predecessor-version":[{"id":15583,"href":"https:\/\/blogs.correiobraziliense.com.br\/capital-sa\/wp-json\/wp\/v2\/posts\/15565\/revisions\/15583"}],"wp:featuredmedia":[{"embeddable":true,"href":"https:\/\/blogs.correiobraziliense.com.br\/capital-sa\/wp-json\/wp\/v2\/media\/15574"}],"wp:attachment":[{"href":"https:\/\/blogs.correiobraziliense.com.br\/capital-sa\/wp-json\/wp\/v2\/media?parent=15565"}],"wp:term":[{"taxonomy":"category","embeddable":true,"href":"https:\/\/blogs.correiobraziliense.com.br\/capital-sa\/wp-json\/wp\/v2\/categories?post=15565"},{"taxonomy":"post_tag","embeddable":true,"href":"https:\/\/blogs.correiobraziliense.com.br\/capital-sa\/wp-json\/wp\/v2\/tags?post=15565"}],"curies":[{"name":"wp","href":"https:\/\/api.w.org\/{rel}","templated":true}]}}