{"id":15544,"date":"2024-02-23T15:10:10","date_gmt":"2024-02-23T18:10:10","guid":{"rendered":"https:\/\/blogs.correiobraziliense.com.br\/capital-sa\/?p=15544"},"modified":"2024-02-23T15:49:45","modified_gmt":"2024-02-23T18:49:45","slug":"ibaneis-diz-ser-favoravel-a-reducao-de-itbi","status":"publish","type":"post","link":"https:\/\/blogs.correiobraziliense.com.br\/capital-sa\/2024\/02\/23\/ibaneis-diz-ser-favoravel-a-reducao-de-itbi\/","title":{"rendered":"Ibaneis diz ser favor\u00e1vel \u00e0 redu\u00e7\u00e3o de ITBI"},"content":{"rendered":"<p class=\"p1\"><span class=\"s1\"><b>Por Samanta Sallum <\/b><\/span><\/p>\n<p class=\"p1\"><span class=\"s1\">O governador Ibaneis Rocha, durante o almo\u00e7o-debate do Lide\/Bras\u00edlia, afirmou que j\u00e1 pediu ao secret\u00e1rio de Economia, Ney Ferraz, para realizar o estudo t\u00e9cnico sobre a redu\u00e7\u00e3o do Imposto sobre Transmiss\u00e3o de Bens Im\u00f3veis (ITBI). A medida \u00e9 uma demanda do setor produtivo.<br \/>\n<\/span><\/p>\n<p class=\"p1\"><span class=\"s1\">\u201cSou favor\u00e1vel \u00e0 redu\u00e7\u00e3o de tributos. Principalmente essa do ITBI tem meu apoio. Eu tenho uma vis\u00e3o de que quanto menos o governo cobra, mais arrecada\u201d, destacou no evento do Grupo de Lideran\u00e7as Empresariais de Bras\u00edlia. Sobre o recente aumento do ICMS no DF, disse que \u201cfoi obrigado\u201d a faz\u00ea-lo devido \u00e0 press\u00e3o do impacto da queda de arrecada\u00e7\u00e3o sobre combust\u00edveis.<\/span><\/p>\n<p class=\"p1\"><span class=\"s1\"><b>Para regularizar contratos de gaveta\u00a0<\/b><\/span><\/p>\n<p class=\"p1\"><span class=\"s1\">Historicamente, o ITBI era de 2% at\u00e9 que, no governo de Rodrigo Rollemberg, em 2016, com aprova\u00e7\u00e3o dos distritais, subiu a 3%. Ibaneis, ao assumir o Executivo local, em 2019, manteve o percentual. Mas chegou a tomar uma medida tempor\u00e1ria para incentivar a regulariza\u00e7\u00e3o da grande quantidade de contratos de gaveta. Baixou para 1% entre janeiro e mar\u00e7o de 2022.<br \/>\n<\/span><\/p>\n<p class=\"p1\"><span class=\"s1\">Desta vez, o secret\u00e1rio de Economia, Ney Ferraz, disse n\u00e3o haver previs\u00e3o de fazer algo tempor\u00e1rio. A medida, sendo vi\u00e1vel, ser\u00e1 de car\u00e1ter permanente, em resposta ao<span class=\"Apple-converted-space\">\u00a0 <\/span>questionamento da presidente do Lide Mulher, Janine Brito.<\/span><\/p>\n<p class=\"p1\"><span class=\"s1\"><b>Comemora\u00e7\u00e3o de anivers\u00e1rio<\/b><\/span><\/p>\n<p class=\"p1\"><span class=\"s1\">No evento do Lide\/Bras\u00edlia, que reuniu empres\u00e1rios, autoridades e pol\u00edticos, houve um momento especial para festejar os aniversariantes do m\u00eas, a come\u00e7ar pelo do anfitri\u00e3o, Paulo Oct\u00e1vio. Ele preside a entidade e nasceu no dia 13. Com direito a bolo, vela e parab\u00e9ns, celebraram o presidente do TRE, desembargador Roberval Belinati; os empres\u00e1rios Paulo Muniz e Dionyzio Klavdianos; o deputado federal Julio; e Walid Sariedine, presidente da Junta Comercial do DF. O governador Ibaneis Rocha tamb\u00e9m participou da confraterniza\u00e7\u00e3o.<\/span><\/p>\n<p class=\"p1\"><span class=\"s1\"><b>Suspenso edital de concess\u00e3o da Rodovi\u00e1ria<\/b><\/span><\/p>\n<p class=\"p1\"><span class=\"s1\">Para atender a recomenda\u00e7\u00f5es do Minist\u00e9rio P\u00fablico, a Secretaria de Mobilidade Urbana suspendeu o edital de concess\u00e3o da Rodovi\u00e1ria do Plano Piloto. O governador Ibaneis explicou que achou correto fazer as melhorias no edital: \u201cEntendemos que vale a pena atender ao MP para que a licita\u00e7\u00e3o seja bem feita. A secretaria suspendeu por tr\u00eas dias, para depois republicar o edital\u201d.<\/span><\/p>\n<p class=\"p1\"><span class=\"s1\"><b>Refis: prorroga\u00e7\u00e3o de an\u00e1lise<\/b><\/span><\/p>\n<p class=\"p1\"><span class=\"s1\">O secret\u00e1rio de Economia, Ney Ferraz, informou \u00e0 coluna que vai assinar decreto prorrogando o prazo para an\u00e1lise de habilita\u00e7\u00e3o das empresas que pagaram o sinal de ades\u00e3o ao Refis, mas que ficaram de fora do tr\u00e2mite. \u00c9 a resposta ao pedido da Fecom\u00e9rcio e do distrital Joaquim Roriz Neto (PL). Um grupo de 160 empres\u00e1rios, apesar de ter entrado com o pedido na Secretaria dentro do prazo, tinha recebido a informa\u00e7\u00e3o de que \u201cn\u00e3o havia tempo h\u00e1bil para an\u00e1lise dos processos\u201d.<\/span><\/p>\n<p class=\"p1\"><span class=\"s1\"><b>Mais dinheiro para Cultura<\/b><\/span><\/p>\n<p class=\"p1\"><span class=\"s1\">O secret\u00e1rio de Cultura, Cl\u00e1udio Abrantes, participou do evento Lide ontem e vendeu seu peixe junto \u00e0 Secretaria de Economia. Ele apontou que h\u00e1 um potencial de recursos de R$ 100 milh\u00f5es por ano para investimentos no setor, via Lei de Incentivo \u00e0 Cultura (LIC), e que pouco est\u00e1 sendo captado junto \u00e0s empresas. N\u00e3o se est\u00e1 chegando a R$ 6 milh\u00f5es.<\/span><\/p>\n<p class=\"p1\"><span class=\"s1\"><b>G20 em Bras\u00edlia<\/b><\/span><\/p>\n<p class=\"p1\"><span class=\"s1\">A capital federal \u00e9 uma das cidades-sede da reuni\u00e3o de c\u00fapula do G20. A rodada aqui vai coincidir com o anivers\u00e1rio de Bras\u00edlia. Ser\u00e1 entre 20 e 22 de abril. Para isso, Claudio Abrantes quer investir mais na comemora\u00e7\u00e3o da data. Nesta semana, as reuni\u00f5es do G20 est\u00e3o ocorrendo no Rio de Janeiro.<\/span><\/p>\n","protected":false},"excerpt":{"rendered":"<p>Por Samanta Sallum O governador Ibaneis Rocha, durante o almo\u00e7o-debate do Lide\/Bras\u00edlia, afirmou que j\u00e1 pediu ao secret\u00e1rio de Economia, Ney Ferraz, para realizar o estudo t\u00e9cnico sobre a redu\u00e7\u00e3o do Imposto sobre Transmiss\u00e3o de Bens Im\u00f3veis (ITBI). A medida \u00e9 uma demanda do setor produtivo. \u201cSou favor\u00e1vel \u00e0 redu\u00e7\u00e3o de tributos. Principalmente essa do ITBI tem meu apoio. Eu [&hellip;]<\/p>\n","protected":false},"author":125,"featured_media":15549,"comment_status":"open","ping_status":"open","sticky":false,"template":"","format":"standard","meta":{"footnotes":""},"categories":[1],"tags":[597,2115,2116,983,1427,943,1619],"class_list":["post-15544","post","type-post","status-publish","format-standard","has-post-thumbnail","hentry","category-sem-categoria","tag-arrecadacao","tag-comemoracao","tag-cultura-g20","tag-itbi","tag-prorrogacao","tag-reducao","tag-rodoviaria"],"_links":{"self":[{"href":"https:\/\/blogs.correiobraziliense.com.br\/capital-sa\/wp-json\/wp\/v2\/posts\/15544","targetHints":{"allow":["GET"]}}],"collection":[{"href":"https:\/\/blogs.correiobraziliense.com.br\/capital-sa\/wp-json\/wp\/v2\/posts"}],"about":[{"href":"https:\/\/blogs.correiobraziliense.com.br\/capital-sa\/wp-json\/wp\/v2\/types\/post"}],"author":[{"embeddable":true,"href":"https:\/\/blogs.correiobraziliense.com.br\/capital-sa\/wp-json\/wp\/v2\/users\/125"}],"replies":[{"embeddable":true,"href":"https:\/\/blogs.correiobraziliense.com.br\/capital-sa\/wp-json\/wp\/v2\/comments?post=15544"}],"version-history":[{"count":7,"href":"https:\/\/blogs.correiobraziliense.com.br\/capital-sa\/wp-json\/wp\/v2\/posts\/15544\/revisions"}],"predecessor-version":[{"id":15553,"href":"https:\/\/blogs.correiobraziliense.com.br\/capital-sa\/wp-json\/wp\/v2\/posts\/15544\/revisions\/15553"}],"wp:featuredmedia":[{"embeddable":true,"href":"https:\/\/blogs.correiobraziliense.com.br\/capital-sa\/wp-json\/wp\/v2\/media\/15549"}],"wp:attachment":[{"href":"https:\/\/blogs.correiobraziliense.com.br\/capital-sa\/wp-json\/wp\/v2\/media?parent=15544"}],"wp:term":[{"taxonomy":"category","embeddable":true,"href":"https:\/\/blogs.correiobraziliense.com.br\/capital-sa\/wp-json\/wp\/v2\/categories?post=15544"},{"taxonomy":"post_tag","embeddable":true,"href":"https:\/\/blogs.correiobraziliense.com.br\/capital-sa\/wp-json\/wp\/v2\/tags?post=15544"}],"curies":[{"name":"wp","href":"https:\/\/api.w.org\/{rel}","templated":true}]}}