{"id":15520,"date":"2024-02-22T14:49:22","date_gmt":"2024-02-22T17:49:22","guid":{"rendered":"https:\/\/blogs.correiobraziliense.com.br\/capital-sa\/?p=15520"},"modified":"2024-02-22T19:24:30","modified_gmt":"2024-02-22T22:24:30","slug":"entramos-em-colapso-no-atendimento-publico-e-privado-diz-ibaneis-sobre-dengue","status":"publish","type":"post","link":"https:\/\/blogs.correiobraziliense.com.br\/capital-sa\/2024\/02\/22\/entramos-em-colapso-no-atendimento-publico-e-privado-diz-ibaneis-sobre-dengue\/","title":{"rendered":"\u201cEntramos em colapso no atendimento p\u00fablico e no privado\u201d, diz Ibaneis sobre dengue"},"content":{"rendered":"<p class=\"p1\"><strong><span class=\"s1\">Por Samanta Sallum<\/span><\/strong><\/p>\n<p class=\"p1\"><span class=\"s1\">O governador Ibaneis Rocha afirmou agora h\u00e1 pouco, em evento do Grupo de Lideran\u00e7as Empresariais do DF (Lide), no Lago Sul, que os\u00a0<\/span>hospitais tanto da rede p\u00fablica, quanto da rede privada do DF entraram \u201cem colapso\u201d. \u201cN\u00f3s estamos vivendo uma crise muito grande. Tanto que ontem n\u00f3s publicamos um decreto ampliando o atendimento das unidades b\u00e1sicas de sa\u00fade e das tendas de hidrata\u00e7\u00e3o. O momento \u00e9 grave, n\u00e3o chegamos ao pico ainda, segundo a nossa secret\u00e1ria de Sa\u00fade. Ent\u00e3o, n\u00f3s temos que acompanhar com muito cuidado\u201d, disse.<\/p>\n<p class=\"p1\"><span class=\"s1\">O GDF fez a nomea\u00e7\u00e3o ontem de 200 m\u00e9dicos tempor\u00e1rios e mais 541 profissionais da sa\u00fade para auxiliar no atendimento. \u201cO que n\u00f3s queremos agora \u00e9 acudir a popula\u00e7ao da melhor maneira poss\u00edvel\u201d, refor\u00e7ou Ibaneis.<\/span><\/p>\n","protected":false},"excerpt":{"rendered":"<p>Por Samanta Sallum O governador Ibaneis Rocha afirmou agora h\u00e1 pouco, em evento do Grupo de Lideran\u00e7as Empresariais do DF (Lide), no Lago Sul, que os\u00a0hospitais tanto da rede p\u00fablica, quanto da rede privada do DF entraram \u201cem colapso\u201d. \u201cN\u00f3s estamos vivendo uma crise muito grande. Tanto que ontem n\u00f3s publicamos um decreto ampliando o atendimento das unidades b\u00e1sicas de [&hellip;]<\/p>\n","protected":false},"author":125,"featured_media":15523,"comment_status":"open","ping_status":"open","sticky":false,"template":"","format":"standard","meta":{"footnotes":""},"categories":[6],"tags":[2111,2110,2101,280],"class_list":["post-15520","post","type-post","status-publish","format-standard","has-post-thumbnail","hentry","category-coluna-capital-s-a","tag-colapso","tag-cuidado","tag-dengue","tag-saude"],"_links":{"self":[{"href":"https:\/\/blogs.correiobraziliense.com.br\/capital-sa\/wp-json\/wp\/v2\/posts\/15520","targetHints":{"allow":["GET"]}}],"collection":[{"href":"https:\/\/blogs.correiobraziliense.com.br\/capital-sa\/wp-json\/wp\/v2\/posts"}],"about":[{"href":"https:\/\/blogs.correiobraziliense.com.br\/capital-sa\/wp-json\/wp\/v2\/types\/post"}],"author":[{"embeddable":true,"href":"https:\/\/blogs.correiobraziliense.com.br\/capital-sa\/wp-json\/wp\/v2\/users\/125"}],"replies":[{"embeddable":true,"href":"https:\/\/blogs.correiobraziliense.com.br\/capital-sa\/wp-json\/wp\/v2\/comments?post=15520"}],"version-history":[{"count":6,"href":"https:\/\/blogs.correiobraziliense.com.br\/capital-sa\/wp-json\/wp\/v2\/posts\/15520\/revisions"}],"predecessor-version":[{"id":15530,"href":"https:\/\/blogs.correiobraziliense.com.br\/capital-sa\/wp-json\/wp\/v2\/posts\/15520\/revisions\/15530"}],"wp:featuredmedia":[{"embeddable":true,"href":"https:\/\/blogs.correiobraziliense.com.br\/capital-sa\/wp-json\/wp\/v2\/media\/15523"}],"wp:attachment":[{"href":"https:\/\/blogs.correiobraziliense.com.br\/capital-sa\/wp-json\/wp\/v2\/media?parent=15520"}],"wp:term":[{"taxonomy":"category","embeddable":true,"href":"https:\/\/blogs.correiobraziliense.com.br\/capital-sa\/wp-json\/wp\/v2\/categories?post=15520"},{"taxonomy":"post_tag","embeddable":true,"href":"https:\/\/blogs.correiobraziliense.com.br\/capital-sa\/wp-json\/wp\/v2\/tags?post=15520"}],"curies":[{"name":"wp","href":"https:\/\/api.w.org\/{rel}","templated":true}]}}