{"id":15511,"date":"2024-02-22T10:05:48","date_gmt":"2024-02-22T13:05:48","guid":{"rendered":"https:\/\/blogs.correiobraziliense.com.br\/capital-sa\/?p=15511"},"modified":"2024-02-22T15:14:18","modified_gmt":"2024-02-22T18:14:18","slug":"policia-federal-e-neonergia-assinam-parceria-para-usina-solar","status":"publish","type":"post","link":"https:\/\/blogs.correiobraziliense.com.br\/capital-sa\/2024\/02\/22\/policia-federal-e-neonergia-assinam-parceria-para-usina-solar\/","title":{"rendered":"Pol\u00edcia Federal e Neoenergia assinam parceria para usina solar"},"content":{"rendered":"<p class=\"p1\"><b>Por Samanta Sallum\u00a0<\/b><\/p>\n<p class=\"p1\"><span class=\"s1\">O diretor-geral da Pol\u00edcia Federal, Andrei Rodrigues, assinou com a Neoenergia Bras\u00edlia um Acordo de Coopera\u00e7\u00e3o T\u00e9cnica para a\u00e7\u00f5es de efici\u00eancia energ\u00e9tica, como a instala\u00e7\u00e3o de gera\u00e7\u00e3o solar fotovoltaica no pr\u00e9dio da corpora\u00e7\u00e3o, no Setor Policial Sul. O projeto faz parte do Programa de Efici\u00eancia Energ\u00e9tica (PEE) da distribuidora, regulado pela Aneel e tem como finalidade promover o uso de energia limpa e diminuir o valor das faturas de luz de pr\u00e9dios p\u00fablicos.<br \/>\n<\/span><\/p>\n<p class=\"p1\"><span class=\"s1\">A iniciativa vai representar redu\u00e7\u00e3o de R$ 536 mil aos cofres p\u00fablicos por ano. O investimento da parceria \u00e9 da Neoenergia e ser\u00e1 de R$ 1,6 milh\u00e3o. Pelo acordo, ser\u00e1 constru\u00edda uma usina solar para atender a PF, e a empresa ainda vai substituir mais de<span class=\"Apple-converted-space\">\u00a0<\/span>4 mil l\u00e2mpadas internas ineficientes por modelos com a tecnologia LED.<br \/>\n<\/span><\/p>\n<p class=\"p1\"><span class=\"s1\">Participaram da assinatura do acordo Jo\u00e3o Paulo Rodrigues, diretor institucional da Neoenergia e Frederico Candian, diretor-presidente da empresa em Bras\u00edlia.\u00a0<\/span>\u201cTemos mais de 100 unidades da PF em todo o pa\u00eds, e nosso interesse \u00e9 ampliar essa parceria\u201d, refor\u00e7ou Andrei Rodrigues.<\/p>\n<p class=\"p1\"><strong>Descarboniza\u00e7\u00e3o<\/strong><\/p>\n<p class=\"p1\"><span class=\"s1\">Sandoval Feitosa, diretor-geral da Ag\u00eancia Nacional de Energia El\u00e9trica (Aneel), que tamb\u00e9m esteve presente na assinatura, elogiou a iniciativa. \u201cEssa usina da PF junto com a do pr\u00e9dio da Aneel ser\u00e3o as maiores do DF. Isso nos orgulha muito enquanto \u00f3rg\u00e3o regulador e fomentador das a\u00e7\u00f5es de efici\u00eancia energ\u00e9tica\u201d, ressaltou.<\/span><\/p>\n<p class=\"p1\"><span class=\"s1\">\u201cA inaugura\u00e7\u00e3o dessa usina contribui n\u00e3o apenas com a quest\u00e3o da rentabilidade dos custos da Pol\u00edcia Federal, mas inaugura, tamb\u00e9m, o uso de uma fonte renov\u00e1vel de energia limpa na institui\u00e7\u00e3o, o que refor\u00e7a o nosso compromisso com as a\u00e7\u00f5es de descarboniza\u00e7\u00e3o&#8221;, afirmou a superintendente de Efici\u00eancia Energ\u00e9tica da Neoenergia, Ana Mascarenhas.<\/span><\/p>\n<p class=\"p1\"><span class=\"s1\">Em 2023, a Neoenergia Bras\u00edlia realizou a\u00e7\u00f5es semelhantes no DF em<span class=\"Apple-converted-space\">\u00a0<\/span>pr\u00e9dios p\u00fablicos e assistenciais (escolas, hospitais, postos m\u00e9dicos e institui\u00e7\u00f5es filantr\u00f3picas).\u00a0<\/span>Foram beneficiadas 109 unidades, entre elas instala\u00e7\u00f5es da UnB, da CAESB e do Metr\u00f4.<\/p>\n","protected":false},"excerpt":{"rendered":"<p>Por Samanta Sallum\u00a0 O diretor-geral da Pol\u00edcia Federal, Andrei Rodrigues, assinou com a Neoenergia Bras\u00edlia um Acordo de Coopera\u00e7\u00e3o T\u00e9cnica para a\u00e7\u00f5es de efici\u00eancia energ\u00e9tica, como a instala\u00e7\u00e3o de gera\u00e7\u00e3o solar fotovoltaica no pr\u00e9dio da corpora\u00e7\u00e3o, no Setor Policial Sul. O projeto faz parte do Programa de Efici\u00eancia Energ\u00e9tica (PEE) da distribuidora, regulado pela Aneel e tem como finalidade promover [&hellip;]<\/p>\n","protected":false},"author":125,"featured_media":15517,"comment_status":"open","ping_status":"open","sticky":false,"template":"","format":"standard","meta":{"footnotes":""},"categories":[6],"tags":[2108,918,2109,1513,756,2107],"class_list":["post-15511","post","type-post","status-publish","format-standard","has-post-thumbnail","hentry","category-coluna-capital-s-a","tag-descarbonizacao","tag-eficiencia","tag-energetica","tag-energia","tag-parceria","tag-renovavel"],"_links":{"self":[{"href":"https:\/\/blogs.correiobraziliense.com.br\/capital-sa\/wp-json\/wp\/v2\/posts\/15511","targetHints":{"allow":["GET"]}}],"collection":[{"href":"https:\/\/blogs.correiobraziliense.com.br\/capital-sa\/wp-json\/wp\/v2\/posts"}],"about":[{"href":"https:\/\/blogs.correiobraziliense.com.br\/capital-sa\/wp-json\/wp\/v2\/types\/post"}],"author":[{"embeddable":true,"href":"https:\/\/blogs.correiobraziliense.com.br\/capital-sa\/wp-json\/wp\/v2\/users\/125"}],"replies":[{"embeddable":true,"href":"https:\/\/blogs.correiobraziliense.com.br\/capital-sa\/wp-json\/wp\/v2\/comments?post=15511"}],"version-history":[{"count":7,"href":"https:\/\/blogs.correiobraziliense.com.br\/capital-sa\/wp-json\/wp\/v2\/posts\/15511\/revisions"}],"predecessor-version":[{"id":15526,"href":"https:\/\/blogs.correiobraziliense.com.br\/capital-sa\/wp-json\/wp\/v2\/posts\/15511\/revisions\/15526"}],"wp:featuredmedia":[{"embeddable":true,"href":"https:\/\/blogs.correiobraziliense.com.br\/capital-sa\/wp-json\/wp\/v2\/media\/15517"}],"wp:attachment":[{"href":"https:\/\/blogs.correiobraziliense.com.br\/capital-sa\/wp-json\/wp\/v2\/media?parent=15511"}],"wp:term":[{"taxonomy":"category","embeddable":true,"href":"https:\/\/blogs.correiobraziliense.com.br\/capital-sa\/wp-json\/wp\/v2\/categories?post=15511"},{"taxonomy":"post_tag","embeddable":true,"href":"https:\/\/blogs.correiobraziliense.com.br\/capital-sa\/wp-json\/wp\/v2\/tags?post=15511"}],"curies":[{"name":"wp","href":"https:\/\/api.w.org\/{rel}","templated":true}]}}