{"id":15502,"date":"2024-02-22T09:50:35","date_gmt":"2024-02-22T12:50:35","guid":{"rendered":"https:\/\/blogs.correiobraziliense.com.br\/capital-sa\/?p=15502"},"modified":"2024-02-22T15:06:50","modified_gmt":"2024-02-22T18:06:50","slug":"mucio-e-comandante-da-aeronautica-se-reunem-com-associacoes-comerciais","status":"publish","type":"post","link":"https:\/\/blogs.correiobraziliense.com.br\/capital-sa\/2024\/02\/22\/mucio-e-comandante-da-aeronautica-se-reunem-com-associacoes-comerciais\/","title":{"rendered":"M\u00facio e comandante da Aeron\u00e1utica se re\u00fanem com associa\u00e7\u00f5es comerciais"},"content":{"rendered":"<p><em>Base industrial de defesa no Brasil, que inclui Embraer, corresponde a 4,78% do PIB<\/em><\/p>\n<p><b>Por Samanta Sallum\u00a0<\/b><\/p>\n<p>O ministro da Defesa, Jos\u00e9 M\u00facio Monteiro, e o comandante da Aeron\u00e1utica, Tenente-Brigadeiro do Ar Marcelo Kanitz Damasceno, participaram da 1a edi\u00e7\u00e3o do Ciclo de Debates de 2024 da Confedera\u00e7\u00e3o das Associa\u00e7\u00f5es Comerciais e Empresariais do Brasil (CACB). O tema do encontro foi \u201cDefesa e Desenvolvimento \u2013 Conectando Empres\u00e1rios e Militares pela Integra\u00e7\u00e3o de Neg\u00f3cios e Parcerias&#8221;. O evento ocorreu na sede da entidade, em Bras\u00edlia, na ter\u00e7a-feira.<\/p>\n<p>O presidente da Confedera\u00e7\u00e3o, Alfredo Cotait Neto, destacou a import\u00e2ncia da aproxima\u00e7\u00e3o de empres\u00e1rios com o governo, a capilaridade do Sistema CACB e a posi\u00e7\u00e3o das For\u00e7as Armadas como grandes compradores e exportadores de produtos, tecnologia e inova\u00e7\u00e3o, com reconhecimento internacional.<\/p>\n<p>\u201cAs ideias desse debate da CACB v\u00e3o nos ajudar a fortalecer e ampliar a margem de neg\u00f3cios para os produtos de defesa. Em parceria com os empreendedores, teremos uma arena que agrega muito aos brasileiros, impulsionando a economia local com novos investimentos\u201d, disse o ministro Mucio.<\/p>\n<p class=\"p1\"><span class=\"s1\">O comandante da Aeron\u00e1utica apontou o aumento das exporta\u00e7\u00f5es da base industrial de defesa e a lideran\u00e7a brasileira no segmento na Am\u00e9rica Latina. Segundo ele, o segmento conta com 290 empresas estrat\u00e9gicas, como a Embraer, e \u00e9 respons\u00e1vel pela gera\u00e7\u00e3o de 2,2% do total de empregos diretos no Brasil, o que equivale a 2,9 milh\u00f5es de postos de trabalho. Al\u00e9m disso, o setor responde por 4,78 % do Produto Interno Bruto (PIB).<\/span><\/p>\n<p class=\"p1\"><b>Corpo diplom\u00e1tico<\/b><\/p>\n<p class=\"p1\"><span class=\"s1\">Tamb\u00e9m estiveram presentes ao encontro o embaixador da S\u00e9rvia, Aleksandar Risti\u0107; o embaixador da Liga \u00c1rabe, Qais Marouf Kheiro Shqair; a embaixadora da Rep\u00fablica Tcheca, Pavla Havrl\u00edkov\u00e1; e a embaixadora da Rep\u00fablica da Eslov\u00eania, Mateja Kra\u010dun, al\u00e9m de adidos militares e representantes das embaixadas da \u00c1frica do Sul, da Coreia, da Espanha, de Portugal, do Reino Unido, da R\u00fassia, da Turquia e do Uruguai.<\/span><\/p>\n","protected":false},"excerpt":{"rendered":"<p>Base industrial de defesa no Brasil, que inclui Embraer, corresponde a 4,78% do PIB Por Samanta Sallum\u00a0 O ministro da Defesa, Jos\u00e9 M\u00facio Monteiro, e o comandante da Aeron\u00e1utica, Tenente-Brigadeiro do Ar Marcelo Kanitz Damasceno, participaram da 1a edi\u00e7\u00e3o do Ciclo de Debates de 2024 da Confedera\u00e7\u00e3o das Associa\u00e7\u00f5es Comerciais e Empresariais do Brasil (CACB). O tema do encontro foi [&hellip;]<\/p>\n","protected":false},"author":125,"featured_media":15505,"comment_status":"open","ping_status":"open","sticky":false,"template":"","format":"standard","meta":{"footnotes":""},"categories":[6],"tags":[1759,518,60,33],"class_list":["post-15502","post","type-post","status-publish","format-standard","has-post-thumbnail","hentry","category-coluna-capital-s-a","tag-defesa","tag-exportacao","tag-industria","tag-tecnologia"],"_links":{"self":[{"href":"https:\/\/blogs.correiobraziliense.com.br\/capital-sa\/wp-json\/wp\/v2\/posts\/15502","targetHints":{"allow":["GET"]}}],"collection":[{"href":"https:\/\/blogs.correiobraziliense.com.br\/capital-sa\/wp-json\/wp\/v2\/posts"}],"about":[{"href":"https:\/\/blogs.correiobraziliense.com.br\/capital-sa\/wp-json\/wp\/v2\/types\/post"}],"author":[{"embeddable":true,"href":"https:\/\/blogs.correiobraziliense.com.br\/capital-sa\/wp-json\/wp\/v2\/users\/125"}],"replies":[{"embeddable":true,"href":"https:\/\/blogs.correiobraziliense.com.br\/capital-sa\/wp-json\/wp\/v2\/comments?post=15502"}],"version-history":[{"count":9,"href":"https:\/\/blogs.correiobraziliense.com.br\/capital-sa\/wp-json\/wp\/v2\/posts\/15502\/revisions"}],"predecessor-version":[{"id":15525,"href":"https:\/\/blogs.correiobraziliense.com.br\/capital-sa\/wp-json\/wp\/v2\/posts\/15502\/revisions\/15525"}],"wp:featuredmedia":[{"embeddable":true,"href":"https:\/\/blogs.correiobraziliense.com.br\/capital-sa\/wp-json\/wp\/v2\/media\/15505"}],"wp:attachment":[{"href":"https:\/\/blogs.correiobraziliense.com.br\/capital-sa\/wp-json\/wp\/v2\/media?parent=15502"}],"wp:term":[{"taxonomy":"category","embeddable":true,"href":"https:\/\/blogs.correiobraziliense.com.br\/capital-sa\/wp-json\/wp\/v2\/categories?post=15502"},{"taxonomy":"post_tag","embeddable":true,"href":"https:\/\/blogs.correiobraziliense.com.br\/capital-sa\/wp-json\/wp\/v2\/tags?post=15502"}],"curies":[{"name":"wp","href":"https:\/\/api.w.org\/{rel}","templated":true}]}}