{"id":15488,"date":"2024-02-16T14:15:51","date_gmt":"2024-02-16T17:15:51","guid":{"rendered":"https:\/\/blogs.correiobraziliense.com.br\/capital-sa\/?p=15488"},"modified":"2024-02-22T07:54:23","modified_gmt":"2024-02-22T10:54:23","slug":"as-vesperas-da-posse-na-abdi-cappelli-vai-a-fibra","status":"publish","type":"post","link":"https:\/\/blogs.correiobraziliense.com.br\/capital-sa\/2024\/02\/16\/as-vesperas-da-posse-na-abdi-cappelli-vai-a-fibra\/","title":{"rendered":"\u00c0s v\u00e9speras da posse na ABDI, Cappelli vai \u00e0 Fibra"},"content":{"rendered":"<p><b>Por Samanta Sallum\u00a0<\/b><\/p>\n<p class=\"p1\"><span class=\"s1\">Ricardo Cappelli, nomeado pelo vice-presidente da Rep\u00fablica e ministro do Desenvolvimento, Ind\u00fastria, Com\u00e9rcio e Servi\u00e7os, Geraldo Alckmin, para o cargo de presidente da Ag\u00eancia Brasileira de Desenvolvimento Industrial (ABDI), fez ontem, quinta-feira, uma visita ao presidente da Federa\u00e7\u00e3o das Ind\u00fastrias do Distrito Federal (Fibra), Jamal Jorge Bittar. Tamb\u00e9m participou do encontro o diretor de Desenvolvimento Industrial da Confedera\u00e7\u00e3o Nacional da Ind\u00fastria (CNI), Rafael Lucchesi.<\/span><\/p>\n<p class=\"p1\"><span class=\"s1\">No reuni\u00e3o, na sede da Fibra, Cappelli convidou ambos os representantes da ind\u00fastria para a posse \u00e0 frente da ABDI, que ser\u00e1 realizada em 22 de fevereiro. O tr\u00eas tamb\u00e9m trataram de pautas de interesse das institui\u00e7\u00f5es para o desenvolvimento industrial nos \u00e2mbitos local e nacional.<\/span><\/p>\n<p class=\"p1\"><span class=\"s1\">O encontro foi marcado por Valdir Oliveira, ex-superintendente do Sebrae\/DF, que atualmente est\u00e1 na entidade nacional. Oliveira \u00e9 colega de partido de Cappelli, no PSB. Rodrigo Dias, presidente regional, e a deputada Dayse Amarilio tamb\u00e9m participaram.<\/span><\/p>\n<p><img loading=\"lazy\" decoding=\"async\" class=\"aligncenter size-medium wp-image-15494\" src=\"https:\/\/blogs.correiobraziliense.com.br\/capital-sa\/wp-content\/uploads\/sites\/59\/2024\/02\/DE8BE0E0-DBAD-4B83-9A2E-DFC5812F6B8B-300x186.jpeg\" alt=\"\" width=\"300\" height=\"186\" srcset=\"https:\/\/blogs.correiobraziliense.com.br\/capital-sa\/wp-content\/uploads\/sites\/59\/2024\/02\/DE8BE0E0-DBAD-4B83-9A2E-DFC5812F6B8B-300x186.jpeg 300w, https:\/\/blogs.correiobraziliense.com.br\/capital-sa\/wp-content\/uploads\/sites\/59\/2024\/02\/DE8BE0E0-DBAD-4B83-9A2E-DFC5812F6B8B-768x477.jpeg 768w, https:\/\/blogs.correiobraziliense.com.br\/capital-sa\/wp-content\/uploads\/sites\/59\/2024\/02\/DE8BE0E0-DBAD-4B83-9A2E-DFC5812F6B8B-1024x636.jpeg 1024w, https:\/\/blogs.correiobraziliense.com.br\/capital-sa\/wp-content\/uploads\/sites\/59\/2024\/02\/DE8BE0E0-DBAD-4B83-9A2E-DFC5812F6B8B-1440x894.jpeg 1440w, https:\/\/blogs.correiobraziliense.com.br\/capital-sa\/wp-content\/uploads\/sites\/59\/2024\/02\/DE8BE0E0-DBAD-4B83-9A2E-DFC5812F6B8B-800x497.jpeg 800w, https:\/\/blogs.correiobraziliense.com.br\/capital-sa\/wp-content\/uploads\/sites\/59\/2024\/02\/DE8BE0E0-DBAD-4B83-9A2E-DFC5812F6B8B-550x341.jpeg 550w, https:\/\/blogs.correiobraziliense.com.br\/capital-sa\/wp-content\/uploads\/sites\/59\/2024\/02\/DE8BE0E0-DBAD-4B83-9A2E-DFC5812F6B8B-230x143.jpeg 230w\" sizes=\"auto, (max-width: 300px) 100vw, 300px\" \/><\/p>\n","protected":false},"excerpt":{"rendered":"<p>Por Samanta Sallum\u00a0 Ricardo Cappelli, nomeado pelo vice-presidente da Rep\u00fablica e ministro do Desenvolvimento, Ind\u00fastria, Com\u00e9rcio e Servi\u00e7os, Geraldo Alckmin, para o cargo de presidente da Ag\u00eancia Brasileira de Desenvolvimento Industrial (ABDI), fez ontem, quinta-feira, uma visita ao presidente da Federa\u00e7\u00e3o das Ind\u00fastrias do Distrito Federal (Fibra), Jamal Jorge Bittar. Tamb\u00e9m participou do encontro o diretor de Desenvolvimento Industrial da [&hellip;]<\/p>\n","protected":false},"author":125,"featured_media":15496,"comment_status":"open","ping_status":"open","sticky":false,"template":"","format":"standard","meta":{"footnotes":""},"categories":[6],"tags":[1283,962,276,555,60],"class_list":["post-15488","post","type-post","status-publish","format-standard","has-post-thumbnail","hentry","category-coluna-capital-s-a","tag-cooperacao","tag-desenvolvimento","tag-economia","tag-reuniao","tag-industria"],"_links":{"self":[{"href":"https:\/\/blogs.correiobraziliense.com.br\/capital-sa\/wp-json\/wp\/v2\/posts\/15488","targetHints":{"allow":["GET"]}}],"collection":[{"href":"https:\/\/blogs.correiobraziliense.com.br\/capital-sa\/wp-json\/wp\/v2\/posts"}],"about":[{"href":"https:\/\/blogs.correiobraziliense.com.br\/capital-sa\/wp-json\/wp\/v2\/types\/post"}],"author":[{"embeddable":true,"href":"https:\/\/blogs.correiobraziliense.com.br\/capital-sa\/wp-json\/wp\/v2\/users\/125"}],"replies":[{"embeddable":true,"href":"https:\/\/blogs.correiobraziliense.com.br\/capital-sa\/wp-json\/wp\/v2\/comments?post=15488"}],"version-history":[{"count":9,"href":"https:\/\/blogs.correiobraziliense.com.br\/capital-sa\/wp-json\/wp\/v2\/posts\/15488\/revisions"}],"predecessor-version":[{"id":15500,"href":"https:\/\/blogs.correiobraziliense.com.br\/capital-sa\/wp-json\/wp\/v2\/posts\/15488\/revisions\/15500"}],"wp:featuredmedia":[{"embeddable":true,"href":"https:\/\/blogs.correiobraziliense.com.br\/capital-sa\/wp-json\/wp\/v2\/media\/15496"}],"wp:attachment":[{"href":"https:\/\/blogs.correiobraziliense.com.br\/capital-sa\/wp-json\/wp\/v2\/media?parent=15488"}],"wp:term":[{"taxonomy":"category","embeddable":true,"href":"https:\/\/blogs.correiobraziliense.com.br\/capital-sa\/wp-json\/wp\/v2\/categories?post=15488"},{"taxonomy":"post_tag","embeddable":true,"href":"https:\/\/blogs.correiobraziliense.com.br\/capital-sa\/wp-json\/wp\/v2\/tags?post=15488"}],"curies":[{"name":"wp","href":"https:\/\/api.w.org\/{rel}","templated":true}]}}