{"id":15458,"date":"2024-02-07T14:35:26","date_gmt":"2024-02-07T17:35:26","guid":{"rendered":"https:\/\/blogs.correiobraziliense.com.br\/capital-sa\/?p=15458"},"modified":"2024-02-07T15:54:16","modified_gmt":"2024-02-07T18:54:16","slug":"fim-do-programa-de-retomada-do-setor-de-eventos-pode-retirar-r-244-bi-da-economia","status":"publish","type":"post","link":"https:\/\/blogs.correiobraziliense.com.br\/capital-sa\/2024\/02\/07\/fim-do-programa-de-retomada-do-setor-de-eventos-pode-retirar-r-244-bi-da-economia\/","title":{"rendered":"Fim do Programa de Retomada do Setor de Eventos pode retirar R$ 244 bi da economia"},"content":{"rendered":"<p class=\"p1\"><i>Alegando at\u00e9 suspeita de fraude, Minist\u00e9rio da Fazenda quer acabar com o Perse. A rea\u00e7\u00e3o no Congresso e nas entidades empresariais \u00e9 grande<\/i><\/p>\n<p class=\"p1\"><span class=\"s1\"><b>Por Samanta Sallum <\/b><\/span><\/p>\n<p class=\"p1\"><span class=\"s1\">Parlamentares, empresas e entidades do setor de eventos e turismo do pa\u00eds convocaram para hoje uma mobiliza\u00e7\u00e3o no Congresso em defesa do Programa Emergencial de<span class=\"Apple-converted-space\">\u00a0<\/span>Retomada do Setor de Eventos (Perse). Foi uma a\u00e7\u00e3o de socorro criada em 2021 devido ao impacto econ\u00f4mico causado pela pandemia. Mas a Medida Provis\u00f3ria 1202 do governo federal, baixada em dezembro passado, acaba com o benef\u00edcio em abril. Um estudo realizado pela Confedera\u00e7\u00e3o Nacional do Com\u00e9rcio de Bens, Servi\u00e7os e Turismo (CNC) mostra que, caso o Perse seja encerrado, at\u00e9 R$ 244 bi por ano deixar\u00e3o de ser injetados na economia nacional. <\/span><\/p>\n<p class=\"p1\"><span class=\"s1\">Em uma nota estimativa, a Receita Federal apontou perdas tribut\u00e1rias entre R$ 17 e R$ 32 bilh\u00f5es entre 2021 e 2023 \u2013 at\u00e9 13% do valor que pode deixar de circular n\u00e3o apenas no turismo, mas em todos os setores. A pesquisa indica, ainda, que, para cada R$ 10 mil de faturamento a mais, o sal\u00e1rio do trabalhador brasileiro pode aumentar R$ 18,8. Pela lei que criou o programa, ele deveria ser executado at\u00e9 2027.<\/span><\/p>\n<p class=\"p1\"><span class=\"s1\">\u201cA gente est\u00e1 vivendo um momento muito delicado, na imin\u00eancia de perder o programa. N\u00f3s estamos fazendo uma grande mobiliza\u00e7\u00e3o para manter o que foi uma luta de todo o setor, do associativismo liderado pela Abrape e por v\u00e1rias associa\u00e7\u00f5es que comp\u00f5em o trade de turist\u00edco nacional. Muitas empresas ainda t\u00eam de pagar empr\u00e9stimos feitos na pandemia\u201d, destacou o deputado federal Felipe Carreras (PSB\/PE), autor do projeto do Perse e<span class=\"Apple-converted-space\">\u00a0<\/span>presidente da frente parlamentar em defesa da cultura, do entretenimento e do turismo.<\/span><\/p>\n<p class=\"p1\"><span class=\"s1\">O ministro Fernando Haddad argumenta que o Perse n\u00e3o \u00e9 mais necess\u00e1rio, pois o setor de eventos j\u00e1 se recuperou e est\u00e1 em plena atividade. E chegou a apontar suspeitas de fraudes no programa. A manobra para tentar convencer parlamentares a aprovarem o fim do benef\u00edcio gerou mais arestas\u00a0<\/span>com o presidente da C\u00e2mara, Artur Lira (PP-AL), que defende o programa. Congressistas tamb\u00e9m n\u00e3o gostaram da \u00eanfase dada \u00e0s suspeitas.<\/p>\n<p class=\"p1\"><span class=\"s1\">O Perse foi institu\u00eddo pela Lei n\u00ba 14.148\/2021 e representou um al\u00edvio para os empres\u00e1rios do setor em meio \u00e0 pandemia de covid-19.<\/span><\/p>\n<p>&nbsp;<\/p>\n","protected":false},"excerpt":{"rendered":"<p>Alegando at\u00e9 suspeita de fraude, Minist\u00e9rio da Fazenda quer acabar com o Perse. A rea\u00e7\u00e3o no Congresso e nas entidades empresariais \u00e9 grande Por Samanta Sallum Parlamentares, empresas e entidades do setor de eventos e turismo do pa\u00eds convocaram para hoje uma mobiliza\u00e7\u00e3o no Congresso em defesa do Programa Emergencial de\u00a0Retomada do Setor de Eventos (Perse). Foi uma a\u00e7\u00e3o de [&hellip;]<\/p>\n","protected":false},"author":125,"featured_media":15466,"comment_status":"open","ping_status":"open","sticky":false,"template":"","format":"standard","meta":{"footnotes":""},"categories":[6],"tags":[364,276,2053,2105],"class_list":["post-15458","post","type-post","status-publish","format-standard","has-post-thumbnail","hentry","category-coluna-capital-s-a","tag-beneficio","tag-economia","tag-perse","tag-programa"],"_links":{"self":[{"href":"https:\/\/blogs.correiobraziliense.com.br\/capital-sa\/wp-json\/wp\/v2\/posts\/15458","targetHints":{"allow":["GET"]}}],"collection":[{"href":"https:\/\/blogs.correiobraziliense.com.br\/capital-sa\/wp-json\/wp\/v2\/posts"}],"about":[{"href":"https:\/\/blogs.correiobraziliense.com.br\/capital-sa\/wp-json\/wp\/v2\/types\/post"}],"author":[{"embeddable":true,"href":"https:\/\/blogs.correiobraziliense.com.br\/capital-sa\/wp-json\/wp\/v2\/users\/125"}],"replies":[{"embeddable":true,"href":"https:\/\/blogs.correiobraziliense.com.br\/capital-sa\/wp-json\/wp\/v2\/comments?post=15458"}],"version-history":[{"count":12,"href":"https:\/\/blogs.correiobraziliense.com.br\/capital-sa\/wp-json\/wp\/v2\/posts\/15458\/revisions"}],"predecessor-version":[{"id":15475,"href":"https:\/\/blogs.correiobraziliense.com.br\/capital-sa\/wp-json\/wp\/v2\/posts\/15458\/revisions\/15475"}],"wp:featuredmedia":[{"embeddable":true,"href":"https:\/\/blogs.correiobraziliense.com.br\/capital-sa\/wp-json\/wp\/v2\/media\/15466"}],"wp:attachment":[{"href":"https:\/\/blogs.correiobraziliense.com.br\/capital-sa\/wp-json\/wp\/v2\/media?parent=15458"}],"wp:term":[{"taxonomy":"category","embeddable":true,"href":"https:\/\/blogs.correiobraziliense.com.br\/capital-sa\/wp-json\/wp\/v2\/categories?post=15458"},{"taxonomy":"post_tag","embeddable":true,"href":"https:\/\/blogs.correiobraziliense.com.br\/capital-sa\/wp-json\/wp\/v2\/tags?post=15458"}],"curies":[{"name":"wp","href":"https:\/\/api.w.org\/{rel}","templated":true}]}}