{"id":15429,"date":"2024-02-06T09:28:03","date_gmt":"2024-02-06T12:28:03","guid":{"rendered":"https:\/\/blogs.correiobraziliense.com.br\/capital-sa\/?p=15429"},"modified":"2024-02-06T17:56:53","modified_gmt":"2024-02-06T20:56:53","slug":"grande-procura-por-vacina-qdenga-na-rede-privada","status":"publish","type":"post","link":"https:\/\/blogs.correiobraziliense.com.br\/capital-sa\/2024\/02\/06\/grande-procura-por-vacina-qdenga-na-rede-privada\/","title":{"rendered":"Grande procura por vacina QDenga na rede privada"},"content":{"rendered":"<p><b>Por Samanta Sallum\u00a0<\/b><\/p>\n<p>*<b>Atualiza\u00e7\u00e3o<\/b><i>: o Sabin informou nesta tarde que, \u201cem\u00a0virtude do aumento significativo na procura pela vacina QDenga e da indisponibilidade de fornecimento pelo fabricante, a venda do imunizante est\u00e1 temporariamente suspensa.\u201d<\/i><\/p>\n<p class=\"p1\"><span class=\"s1\">A busca por vacina para evitar a dengue na rede privada vem aumentando com o pico de contamina\u00e7\u00e3o na capital federal. Enquanto n\u00e3o chega ao atendimento do setor p\u00fablico, quem pode pagar estava\u00a0<\/span><span class=\"s1\">se prevenindo nas cl\u00ednicas de vacina\u00e7\u00e3o. O grupo Sabin tinha refor\u00e7ado o estoque. Registrou crescimento de procura desde outubro pela vacina\u00a0QDenga, que pode ser aplicada em pessoas entre 4 a 60 anos.<\/span><\/p>\n<p class=\"p1\"><span class=\"s1\">S\u00e3o necess\u00e1rias duas doses, com um intervalo de tr\u00eas meses entre a primeira e a segunda. Em dezembro, a demanda cresceu 54% em rela\u00e7\u00e3o a novembro.<\/span><\/p>\n<p class=\"p1\"><span class=\"s1\">\u201cA procura estava aumentado \u00e0 medida que as pessoas tomavam conhecimento do imunizante e da prote\u00e7\u00e3o que ele promove no organismo. Os estudos indicam efic\u00e1cia de 81% ap\u00f3s 30 dias da primeira dose\u201d, explica\u00a0Ana Rosa dos Santos &#8211; m\u00e9dica infectologista e consultora do servi\u00e7o de vacinas do Sabin Diagn\u00f3stico e Sa\u00fade. O valor das duas doses chega a R$ 800,00.<\/span><\/p>\n<p class=\"p4\"><span class=\"s2\">A vacina\u00e7\u00e3o na rede p\u00fablica do DF s\u00f3 deve come\u00e7ar no meio de fevereiro e para grupos de risco, come\u00e7ando por crian\u00e7as.<\/span><\/p>\n","protected":false},"excerpt":{"rendered":"<p>Por Samanta Sallum\u00a0 *Atualiza\u00e7\u00e3o: o Sabin informou nesta tarde que, \u201cem\u00a0virtude do aumento significativo na procura pela vacina QDenga e da indisponibilidade de fornecimento pelo fabricante, a venda do imunizante est\u00e1 temporariamente suspensa.\u201d A busca por vacina para evitar a dengue na rede privada vem aumentando com o pico de contamina\u00e7\u00e3o na capital federal. Enquanto n\u00e3o chega ao atendimento do [&hellip;]<\/p>\n","protected":false},"author":125,"featured_media":15434,"comment_status":"open","ping_status":"open","sticky":false,"template":"","format":"standard","meta":{"footnotes":""},"categories":[6],"tags":[2101,308,274],"class_list":["post-15429","post","type-post","status-publish","format-standard","has-post-thumbnail","hentry","category-coluna-capital-s-a","tag-dengue","tag-vacina","tag-vacinacao"],"_links":{"self":[{"href":"https:\/\/blogs.correiobraziliense.com.br\/capital-sa\/wp-json\/wp\/v2\/posts\/15429","targetHints":{"allow":["GET"]}}],"collection":[{"href":"https:\/\/blogs.correiobraziliense.com.br\/capital-sa\/wp-json\/wp\/v2\/posts"}],"about":[{"href":"https:\/\/blogs.correiobraziliense.com.br\/capital-sa\/wp-json\/wp\/v2\/types\/post"}],"author":[{"embeddable":true,"href":"https:\/\/blogs.correiobraziliense.com.br\/capital-sa\/wp-json\/wp\/v2\/users\/125"}],"replies":[{"embeddable":true,"href":"https:\/\/blogs.correiobraziliense.com.br\/capital-sa\/wp-json\/wp\/v2\/comments?post=15429"}],"version-history":[{"count":8,"href":"https:\/\/blogs.correiobraziliense.com.br\/capital-sa\/wp-json\/wp\/v2\/posts\/15429\/revisions"}],"predecessor-version":[{"id":15453,"href":"https:\/\/blogs.correiobraziliense.com.br\/capital-sa\/wp-json\/wp\/v2\/posts\/15429\/revisions\/15453"}],"wp:featuredmedia":[{"embeddable":true,"href":"https:\/\/blogs.correiobraziliense.com.br\/capital-sa\/wp-json\/wp\/v2\/media\/15434"}],"wp:attachment":[{"href":"https:\/\/blogs.correiobraziliense.com.br\/capital-sa\/wp-json\/wp\/v2\/media?parent=15429"}],"wp:term":[{"taxonomy":"category","embeddable":true,"href":"https:\/\/blogs.correiobraziliense.com.br\/capital-sa\/wp-json\/wp\/v2\/categories?post=15429"},{"taxonomy":"post_tag","embeddable":true,"href":"https:\/\/blogs.correiobraziliense.com.br\/capital-sa\/wp-json\/wp\/v2\/tags?post=15429"}],"curies":[{"name":"wp","href":"https:\/\/api.w.org\/{rel}","templated":true}]}}